{
    "id": 11200,
    "date": "2025-09-17T11:02:17",
    "date_gmt": "2025-09-17T09:02:17",
    "guid": {
        "rendered": "http:\/\/lapalma.apanymantel.info\/?page_id=11200"
    },
    "modified": "2025-09-17T11:39:02",
    "modified_gmt": "2025-09-17T09:39:02",
    "slug": "navidad",
    "status": "publish",
    "type": "page",
    "link": "https:\/\/pastisserialapalma.com\/esp\/productos\/celebraciones-y-diadas\/navidad\/",
    "title": {
        "rendered": "Navidad"
    },
    "content": {
        "rendered": "<hr class=\"wp-block-separator alignwide has-text-color has-custom-calabaza-color has-alpha-channel-opacity has-custom-calabaza-background-color has-background\"\/>\n\n\n\n<div id=\"navidad\" class=\"wp-block-group has-global-padding is-layout-constrained wp-container-core-group-is-layout-45b5679e wp-block-group-is-layout-constrained\" style=\"margin-top:0;margin-bottom:0;padding-top:var(--wp--preset--spacing--60);padding-right:var(--wp--preset--spacing--40);padding-bottom:var(--wp--preset--spacing--60);padding-left:var(--wp--preset--spacing--40)\">\n<div class=\"wp-block-columns alignwide is-layout-flex wp-container-core-columns-is-layout-51c0b34d wp-block-columns-is-layout-flex\" style=\"padding-top:var(--wp--preset--spacing--50);padding-bottom:var(--wp--preset--spacing--50)\">\n<div class=\"wp-block-column is-layout-flow wp-block-column-is-layout-flow\" style=\"flex-basis:100%\">\n<figure class=\"wp-block-image aligncenter size-full\"><img loading=\"lazy\" decoding=\"async\" width=\"400\" height=\"300\" src=\"http:\/\/lapalma.apanymantel.info\/wp-content\/uploads\/2025\/09\/navidad-montaje.jpg\" alt=\"navidad todos los productos\" class=\"wp-image-11195\" srcset=\"https:\/\/pastisserialapalma.com\/wp-content\/uploads\/2025\/09\/navidad-montaje.jpg 400w, https:\/\/pastisserialapalma.com\/wp-content\/uploads\/2025\/09\/navidad-montaje-300x225.jpg 300w, https:\/\/pastisserialapalma.com\/wp-content\/uploads\/2025\/09\/navidad-montaje-16x12.jpg 16w\" sizes=\"auto, (max-width: 400px) 100vw, 400px\" \/><\/figure>\n<\/div>\n\n\n\n<div class=\"wp-block-column is-layout-flow wp-block-column-is-layout-flow\" style=\"flex-basis:100%\">\n<p>Durante las fiestas navide\u00f1as en Pastisseria La Palma, elaboramos multitud de productos que se consumen en estas fechas. Todos ellos elaborados de forma artesanal.<\/p>\n\n\n\n<p>Para <strong>Navidad<\/strong> elaboramos:<br>Canap\u00e9s, Pastas saladas, Bocadillos, Briox rellenos, Tortillas, Reposter\u00eda de frutas naturales, Pasteles de frutas naturales, Pasteles y mousses, Tronco de Jijona o de Chocolate, Hojaldre y pasta seca.<\/p>\n<\/div>\n<\/div>\n\n\n\n<div class=\"wp-block-columns alignwide is-layout-flex wp-container-core-columns-is-layout-51c0b34d wp-block-columns-is-layout-flex\" style=\"padding-top:var(--wp--preset--spacing--50);padding-bottom:var(--wp--preset--spacing--50)\">\n<div class=\"wp-block-column is-layout-flow wp-block-column-is-layout-flow\" style=\"flex-basis:100%\">\n<p>Para<strong> Fin de A\u00f1o<\/strong>:<br>Pastel con las 12 uvas, Pastel con reloj, Pastel de frutas con chocolate, Cestas y lotes de gran calidad.<br><strong>Lotes:<br><\/strong>Cajitas de mantecados hechos en nuestra casa (exquisitos), Cavas, champagnes y licores nacionales, Cajas de deliciosos barquillos, Extenso surtido en cajas de madera con cava, vinos y brandy, Extensa exposici\u00f3n de peque\u00f1os regalos con caja de fantas\u00eda y bombones artesanales, Cer\u00e1micas y bronces de firmas nacionales.<\/p>\n<\/div>\n\n\n\n<div class=\"wp-block-column is-layout-flow wp-block-column-is-layout-flow\" style=\"flex-basis:100%\">\n<figure class=\"wp-block-image size-full\"><img loading=\"lazy\" decoding=\"async\" width=\"800\" height=\"600\" src=\"http:\/\/lapalma.apanymantel.info\/wp-content\/uploads\/2025\/09\/Lote-13.jpg\" alt=\"\" class=\"wp-image-11197\" srcset=\"https:\/\/pastisserialapalma.com\/wp-content\/uploads\/2025\/09\/Lote-13.jpg 800w, https:\/\/pastisserialapalma.com\/wp-content\/uploads\/2025\/09\/Lote-13-300x225.jpg 300w, https:\/\/pastisserialapalma.com\/wp-content\/uploads\/2025\/09\/Lote-13-768x576.jpg 768w, https:\/\/pastisserialapalma.com\/wp-content\/uploads\/2025\/09\/Lote-13-16x12.jpg 16w\" sizes=\"auto, (max-width: 800px) 100vw, 800px\" \/><\/figure>\n<\/div>\n<\/div>\n\n\n\n<div class=\"wp-block-columns alignwide is-layout-flex wp-container-core-columns-is-layout-51c0b34d wp-block-columns-is-layout-flex\" style=\"padding-top:var(--wp--preset--spacing--50);padding-bottom:var(--wp--preset--spacing--50)\">\n<div class=\"wp-block-column is-layout-flow wp-block-column-is-layout-flow\" style=\"flex-basis:100%\">\n<figure class=\"wp-block-image aligncenter size-full is-resized\"><img loading=\"lazy\" decoding=\"async\" width=\"300\" height=\"300\" src=\"http:\/\/lapalma.apanymantel.info\/wp-content\/uploads\/2025\/09\/navidad.jpg\" alt=\"turron de navidad\" class=\"wp-image-11167\" style=\"width:306px;height:auto\" srcset=\"https:\/\/pastisserialapalma.com\/wp-content\/uploads\/2025\/09\/navidad.jpg 300w, https:\/\/pastisserialapalma.com\/wp-content\/uploads\/2025\/09\/navidad-150x150.jpg 150w, https:\/\/pastisserialapalma.com\/wp-content\/uploads\/2025\/09\/navidad-12x12.jpg 12w\" sizes=\"auto, (max-width: 300px) 100vw, 300px\" \/><\/figure>\n<\/div>\n\n\n\n<div class=\"wp-block-column is-layout-flow wp-block-column-is-layout-flow\" style=\"flex-basis:100%\">\n<p><strong>Fabricantes de turrones desde 1922:<br><\/strong>Mini tabletas de Turr\u00f3n (Novedad 2015) 160\/200 gr., Turr\u00f3n de Crema, Turr\u00f3n de Alicante, Turr\u00f3n de Jijona, Turr\u00f3n de Yema con Canela, Turr\u00f3n de Chocolate con avellanas, Turr\u00f3n de chocolate con almendras, Turr\u00f3n de trufa, Turr\u00f3n de mazap\u00e1n, Turr\u00f3n de C\u00e1diz, Turr\u00f3n de nata y nueces, Turr\u00f3n de coco, Turr\u00f3n imperial de frutas, Turr\u00f3n de Cointreau, Turr\u00f3n crocanti, Turr\u00f3n de Trufa sin az\u00facar, Turr\u00f3n 7 Caprichos Catalanes, Turr\u00f3n de Xixona sin az\u00facar, Turr\u00f3n de Alicante sin az\u00facar y Turr\u00f3n 7 Maravillas.<\/p>\n<\/div>\n<\/div>\n<\/div>\n\n\n\n<div class=\"wp-block-jetpack-tiled-gallery aligncenter is-style-rectangular\"><div class=\"\"><div class=\"tiled-gallery__gallery\"><div class=\"tiled-gallery__row\"><div class=\"tiled-gallery__col\" style=\"flex-basis:70.05401%\"><figure class=\"tiled-gallery__item\"><img decoding=\"async\" srcset=\"https:\/\/i0.wp.com\/lapalma.apanymantel.info\/wp-content\/uploads\/2025\/09\/Lote-1.jpg?strip=info&#038;w=600 600w,https:\/\/i0.wp.com\/lapalma.apanymantel.info\/wp-content\/uploads\/2025\/09\/Lote-1.jpg?strip=info&#038;w=800 800w\" alt=\"Lote\" data-height=\"600\" data-id=\"11214\" data-link=\"http:\/\/lapalma.apanymantel.info\/productos\/celebraciones-y-diadas\/navidad\/lote-1\/\" data-url=\"http:\/\/lapalma.apanymantel.info\/wp-content\/uploads\/2025\/09\/Lote-1.jpg\" data-width=\"800\" src=\"https:\/\/i0.wp.com\/lapalma.apanymantel.info\/wp-content\/uploads\/2025\/09\/Lote-1.jpg\" data-amp-layout=\"responsive\"\/><\/figure><\/div><div class=\"tiled-gallery__col\" style=\"flex-basis:29.94599%\"><figure class=\"tiled-gallery__item\"><img decoding=\"async\" srcset=\"https:\/\/i0.wp.com\/lapalma.apanymantel.info\/wp-content\/uploads\/2025\/09\/Lote-3.jpg?strip=info&#038;w=600 600w,https:\/\/i0.wp.com\/lapalma.apanymantel.info\/wp-content\/uploads\/2025\/09\/Lote-3.jpg?strip=info&#038;w=800 800w\" alt=\"Lote\" data-height=\"600\" data-id=\"11213\" data-link=\"http:\/\/lapalma.apanymantel.info\/productos\/celebraciones-y-diadas\/navidad\/lote-3\/\" data-url=\"http:\/\/lapalma.apanymantel.info\/wp-content\/uploads\/2025\/09\/Lote-3.jpg\" data-width=\"800\" src=\"https:\/\/i0.wp.com\/lapalma.apanymantel.info\/wp-content\/uploads\/2025\/09\/Lote-3.jpg\" data-amp-layout=\"responsive\"\/><\/figure><figure class=\"tiled-gallery__item\"><img decoding=\"async\" srcset=\"https:\/\/i0.wp.com\/lapalma.apanymantel.info\/wp-content\/uploads\/2025\/09\/navidad-3.jpg?strip=info&#038;w=300 300w\" alt=\"Turr\u00f3n de jijona\" data-height=\"300\" data-id=\"11182\" data-link=\"http:\/\/lapalma.apanymantel.info\/navidad-3\/\" data-url=\"http:\/\/lapalma.apanymantel.info\/wp-content\/uploads\/2025\/09\/navidad-3.jpg\" data-width=\"300\" src=\"https:\/\/i0.wp.com\/lapalma.apanymantel.info\/wp-content\/uploads\/2025\/09\/navidad-3.jpg\" data-amp-layout=\"responsive\"\/><\/figure><\/div><\/div><div class=\"tiled-gallery__row\"><div class=\"tiled-gallery__col\" style=\"flex-basis:50.00000%\"><figure class=\"tiled-gallery__item\"><img decoding=\"async\" srcset=\"https:\/\/i0.wp.com\/lapalma.apanymantel.info\/wp-content\/uploads\/2025\/09\/navidad-2.jpg?strip=info&#038;w=300 300w\" alt=\"turr\u00f3n de alicante\" data-height=\"300\" data-id=\"11181\" data-link=\"http:\/\/lapalma.apanymantel.info\/navidad-2\/\" data-url=\"http:\/\/lapalma.apanymantel.info\/wp-content\/uploads\/2025\/09\/navidad-2.jpg\" data-width=\"300\" src=\"https:\/\/i0.wp.com\/lapalma.apanymantel.info\/wp-content\/uploads\/2025\/09\/navidad-2.jpg\" data-amp-layout=\"responsive\"\/><\/figure><\/div><div class=\"tiled-gallery__col\" style=\"flex-basis:50.00000%\"><figure class=\"tiled-gallery__item\"><img decoding=\"async\" srcset=\"https:\/\/i0.wp.com\/lapalma.apanymantel.info\/wp-content\/uploads\/2025\/09\/navidad-1.jpg?strip=info&#038;w=300 300w\" alt=\"\" data-height=\"300\" data-id=\"11180\" data-link=\"http:\/\/lapalma.apanymantel.info\/navidad-1\/\" data-url=\"http:\/\/lapalma.apanymantel.info\/wp-content\/uploads\/2025\/09\/navidad-1.jpg\" data-width=\"300\" src=\"https:\/\/i0.wp.com\/lapalma.apanymantel.info\/wp-content\/uploads\/2025\/09\/navidad-1.jpg\" data-amp-layout=\"responsive\"\/><\/figure><\/div><\/div><\/div><\/div><\/div>",
        "protected": false
    },
    "excerpt": {
        "rendered": "<p>Durante las fiestas navide\u00f1as en Pastisseria La Palma, elaboramos multitud de productos que se consumen en estas fechas. Todos ellos elaborados de forma artesanal. Para Navidad elaboramos:Canap\u00e9s, Pastas saladas, Bocadillos, Briox rellenos, Tortillas, Reposter\u00eda de frutas naturales, Pasteles de frutas naturales, Pasteles y mousses, Tronco de Jijona o de Chocolate, Hojaldre y pasta seca. Para [&hellip;]<\/p>",
        "protected": false
    },
    "author": 1,
    "featured_media": 0,
    "parent": 11063,
    "menu_order": 0,
    "comment_status": "closed",
    "ping_status": "closed",
    "template": "",
    "meta": {
        "footnotes": ""
    },
    "class_list": [
        "post-11200",
        "page",
        "type-page",
        "status-publish",
        "hentry"
    ],
    "jetpack_sharing_enabled": true,
    "_links": {
        "self": [
            {
                "href": "https:\/\/pastisserialapalma.com\/esp\/wp-json\/wp\/v2\/pages\/11200",
                "targetHints": {
                    "allow": [
                        "GET"
                    ]
                }
            }
        ],
        "collection": [
            {
                "href": "https:\/\/pastisserialapalma.com\/esp\/wp-json\/wp\/v2\/pages"
            }
        ],
        "about": [
            {
                "href": "https:\/\/pastisserialapalma.com\/esp\/wp-json\/wp\/v2\/types\/page"
            }
        ],
        "author": [
            {
                "embeddable": true,
                "href": "https:\/\/pastisserialapalma.com\/esp\/wp-json\/wp\/v2\/users\/1"
            }
        ],
        "replies": [
            {
                "embeddable": true,
                "href": "https:\/\/pastisserialapalma.com\/esp\/wp-json\/wp\/v2\/comments?post=11200"
            }
        ],
        "version-history": [
            {
                "count": 7,
                "href": "https:\/\/pastisserialapalma.com\/esp\/wp-json\/wp\/v2\/pages\/11200\/revisions"
            }
        ],
        "predecessor-version": [
            {
                "id": 11223,
                "href": "https:\/\/pastisserialapalma.com\/esp\/wp-json\/wp\/v2\/pages\/11200\/revisions\/11223"
            }
        ],
        "up": [
            {
                "embeddable": true,
                "href": "https:\/\/pastisserialapalma.com\/esp\/wp-json\/wp\/v2\/pages\/11063"
            }
        ],
        "wp:attachment": [
            {
                "href": "https:\/\/pastisserialapalma.com\/esp\/wp-json\/wp\/v2\/media?parent=11200"
            }
        ],
        "curies": [
            {
                "name": "wp",
                "href": "https:\/\/api.w.org\/{rel}",
                "templated": true
            }
        ]
    }
}