{
    "id": 11024,
    "date": "2025-09-11T16:47:49",
    "date_gmt": "2025-09-11T14:47:49",
    "guid": {
        "rendered": "http:\/\/lapalma.apanymantel.info\/?page_id=11024"
    },
    "modified": "2025-11-26T11:47:00",
    "modified_gmt": "2025-11-26T10:47:00",
    "slug": "productos",
    "status": "publish",
    "type": "page",
    "link": "https:\/\/pastisserialapalma.com\/esp\/productos\/",
    "title": {
        "rendered": "Productos"
    },
    "content": {
        "rendered": "<hr class=\"wp-block-separator has-text-color has-custom-calabaza-color has-alpha-channel-opacity has-custom-calabaza-background-color has-background\"\/>\n\n\n\n<div class=\"wp-block-group alignwide is-style-default is-layout-flow wp-block-group-is-layout-flow\" style=\"padding-top:0;padding-right:var(--wp--preset--spacing--60);padding-bottom:0;padding-left:var(--wp--preset--spacing--60)\">\n<p>En Pastisseria La Palma trabajamos multitud de productos en nuestro obrador.  <\/p>\n\n\n\n<p>A continuaci\u00f3n puedes ver las secciones principales e ir navegando para disfrutar con todos los deliciosos productos artesanos que elaboramos para nuestros clientes tanto los que acuden a la tienda como aquellos que reciben los productos a domicilio a trav\u00e9s de nuestra tienda online.<\/p>\n\n\n\n<p class=\"is-style-default\" style=\"margin-right:0px;margin-left:0px;padding-right:0;padding-left:0\">Algunos de los productos que ver\u00e1s, est\u00e1n fijos en nuestra oferta y otros se elaboran \u00fanicamente bajo petici\u00f3n previa o durante fechas espec\u00edficas.<\/p>\n\n\n\n<div class=\"wp-block-buttons is-content-justification-center is-layout-flex wp-container-core-buttons-is-layout-a89b3969 wp-block-buttons-is-layout-flex\">\n<div class=\"wp-block-button\"><a class=\"wp-block-button__link wp-element-button\" href=\"https:\/\/botiga-online.pastisserialapalma.com\/\">Tienda Online<\/a><\/div>\n<\/div>\n<\/div>\n\n\n\n<div class=\"wp-block-group alignfull has-global-padding is-layout-constrained wp-block-group-is-layout-constrained\" style=\"margin-top:0;margin-bottom:0;padding-top:var(--wp--preset--spacing--50);padding-bottom:var(--wp--preset--spacing--50)\">\n<div class=\"wp-block-group alignwide is-style-default is-layout-grid wp-container-core-group-is-layout-07646a38 wp-block-group-is-layout-grid\">\n<div class=\"wp-block-group is-style-section-3 has-global-padding is-layout-constrained wp-block-group-is-layout-constrained is-style-section-3--1\" style=\"min-height:297px\">\n<div class=\"wp-block-group is-style-section-2 has-custom-blanco-c-lido-color has-custom-calabaza-background-color has-text-color has-background has-link-color wp-elements-409e9a3413d32d71f5f8f9fb58de851c is-vertical is-content-justification-center is-layout-flex wp-container-core-group-is-layout-cc7f0c4a wp-block-group-is-layout-flex is-style-section-2--2\" style=\"min-height:100%;padding-top:0;padding-right:var(--wp--preset--spacing--60);padding-bottom:0;padding-left:var(--wp--preset--spacing--60)\">\n<h2 class=\"wp-block-heading has-text-align-center has-custom-blanco-c-lido-color has-text-color has-link-color has-large-font-size wp-elements-f943e66ee09131d136279d3fa1c823b6\">Estas son las principales categor\u00edas de productos que podr\u00e1s encontrar en Pastisseria La Palma&#8230; disfruta!!<\/h2>\n<\/div>\n<\/div>\n\n\n\n<div class=\"wp-block-cover is-light has-custom-content-position is-position-bottom-center has-aspect-ratio\" style=\"padding-top:0;padding-right:0;padding-bottom:0;padding-left:0;aspect-ratio:1;min-height:unset;\" id=\"product-category\"><img loading=\"lazy\" decoding=\"async\" width=\"800\" height=\"637\" class=\"wp-block-cover__image-background wp-image-11032 size-full\" alt=\"\" src=\"http:\/\/lapalma.apanymantel.info\/wp-content\/uploads\/2025\/09\/pasteles.webp\" data-object-fit=\"cover\" srcset=\"https:\/\/pastisserialapalma.com\/wp-content\/uploads\/2025\/09\/pasteles.webp 800w, https:\/\/pastisserialapalma.com\/wp-content\/uploads\/2025\/09\/pasteles-300x239.webp 300w, https:\/\/pastisserialapalma.com\/wp-content\/uploads\/2025\/09\/pasteles-768x612.webp 768w, https:\/\/pastisserialapalma.com\/wp-content\/uploads\/2025\/09\/pasteles-15x12.webp 15w\" sizes=\"auto, (max-width: 800px) 100vw, 800px\" \/><span aria-hidden=\"true\" class=\"wp-block-cover__background has-custom-blanco-c-lido-background-color has-background-dim-0 has-background-dim\"><\/span><div class=\"wp-block-cover__inner-container is-layout-flow wp-block-cover-is-layout-flow\">\n<div class=\"wp-block-group has-custom-blanco-c-lido-background-color has-background is-content-justification-center is-nowrap is-layout-flex wp-container-core-group-is-layout-df648846 wp-block-group-is-layout-flex\" style=\"padding-top:0;padding-bottom:0\">\n<p class=\"is-style-default has-custom-calabaza-color has-text-color has-link-color wp-elements-3834ba2f0a4ce5a594f59edbebe716fe wp-container-content-9cfa9a5a\"><strong><a href=\"\/esp\/productos\/pasteleria\/\">PASTELER\u00cdA<\/a><\/strong><\/p>\n<\/div>\n<\/div><\/div>\n\n\n\n<div class=\"wp-block-cover is-light has-custom-content-position is-position-bottom-center has-aspect-ratio\" style=\"padding-top:0;padding-right:0;padding-bottom:0;padding-left:0;aspect-ratio:1;min-height:unset;\" id=\"product-category\"><img loading=\"lazy\" decoding=\"async\" width=\"1920\" height=\"1250\" class=\"wp-block-cover__image-background wp-image-142 size-full\" alt=\"\" src=\"http:\/\/lapalma.apanymantel.info\/wp-content\/uploads\/2025\/09\/slider-catering-lapalma-barcelona.jpg\" data-object-fit=\"cover\" srcset=\"https:\/\/pastisserialapalma.com\/wp-content\/uploads\/2025\/09\/slider-catering-lapalma-barcelona.jpg 1920w, https:\/\/pastisserialapalma.com\/wp-content\/uploads\/2025\/09\/slider-catering-lapalma-barcelona-300x195.jpg 300w, https:\/\/pastisserialapalma.com\/wp-content\/uploads\/2025\/09\/slider-catering-lapalma-barcelona-1024x667.jpg 1024w, https:\/\/pastisserialapalma.com\/wp-content\/uploads\/2025\/09\/slider-catering-lapalma-barcelona-768x500.jpg 768w, https:\/\/pastisserialapalma.com\/wp-content\/uploads\/2025\/09\/slider-catering-lapalma-barcelona-1536x1000.jpg 1536w, https:\/\/pastisserialapalma.com\/wp-content\/uploads\/2025\/09\/slider-catering-lapalma-barcelona-18x12.jpg 18w\" sizes=\"auto, (max-width: 1920px) 100vw, 1920px\" \/><span aria-hidden=\"true\" class=\"wp-block-cover__background has-custom-blanco-c-lido-background-color has-background-dim-0 has-background-dim\"><\/span><div class=\"wp-block-cover__inner-container is-layout-flow wp-block-cover-is-layout-flow\">\n<div class=\"wp-block-group has-custom-blanco-c-lido-background-color has-background is-content-justification-center is-nowrap is-layout-flex wp-container-core-group-is-layout-df648846 wp-block-group-is-layout-flex\" style=\"padding-top:0;padding-bottom:0\">\n<p class=\"is-style-default has-custom-calabaza-color has-text-color has-link-color wp-elements-b75d328b4d49c1b812891e0dd945f23b wp-container-content-9cfa9a5a\"><strong><a href=\"\/esp\/productos\/catering\/\">CATERING<\/a><\/strong><\/p>\n<\/div>\n<\/div><\/div>\n\n\n\n<div class=\"wp-block-cover is-light has-custom-content-position is-position-bottom-center has-aspect-ratio\" style=\"padding-top:0;padding-right:0;padding-bottom:0;padding-left:0;aspect-ratio:1;min-height:unset;\" id=\"product-category\"><img loading=\"lazy\" decoding=\"async\" width=\"600\" height=\"500\" class=\"wp-block-cover__image-background wp-image-9563 size-full\" alt=\"Tarta de San Valent\u00edn\" src=\"http:\/\/lapalma.apanymantel.info\/wp-content\/uploads\/2025\/02\/pastel2-1.webp\" data-object-fit=\"cover\" srcset=\"https:\/\/pastisserialapalma.com\/wp-content\/uploads\/2025\/02\/pastel2-1.webp 600w, https:\/\/pastisserialapalma.com\/wp-content\/uploads\/2025\/02\/pastel2-1-300x250.webp 300w, https:\/\/pastisserialapalma.com\/wp-content\/uploads\/2025\/02\/pastel2-1-14x12.webp 14w\" sizes=\"auto, (max-width: 600px) 100vw, 600px\" \/><span aria-hidden=\"true\" class=\"wp-block-cover__background has-custom-blanco-c-lido-background-color has-background-dim-0 has-background-dim\"><\/span><div class=\"wp-block-cover__inner-container is-layout-flow wp-block-cover-is-layout-flow\">\n<div class=\"wp-block-group has-custom-blanco-c-lido-background-color has-background is-content-justification-center is-nowrap is-layout-flex wp-container-core-group-is-layout-df648846 wp-block-group-is-layout-flex\" style=\"padding-top:0;padding-bottom:0\">\n<p class=\"is-style-default has-custom-calabaza-color has-text-color has-link-color wp-elements-4fbf02a7d3adc5dd1a6fcede56a705a4 wp-container-content-9cfa9a5a\"><strong><a href=\"http:\/\/lapalma.apanymantel.info\/productos\/celebraciones-y-diadas\/\" data-type=\"page\" data-id=\"11063\">CELEBRACIONES Y DIADAS<\/a><\/strong><\/p>\n<\/div>\n<\/div><\/div>\n\n\n\n<div class=\"wp-block-cover is-light has-custom-content-position is-position-bottom-center has-aspect-ratio\" style=\"padding-top:0;padding-right:0;padding-bottom:0;padding-left:0;aspect-ratio:1;min-height:unset;\" id=\"product-category\"><img loading=\"lazy\" decoding=\"async\" width=\"660\" height=\"768\" class=\"wp-block-cover__image-background wp-image-11070 size-full\" alt=\"\" src=\"http:\/\/lapalma.apanymantel.info\/wp-content\/uploads\/2025\/09\/desayuno.jpg\" data-object-fit=\"cover\" srcset=\"https:\/\/pastisserialapalma.com\/wp-content\/uploads\/2025\/09\/desayuno.jpg 660w, https:\/\/pastisserialapalma.com\/wp-content\/uploads\/2025\/09\/desayuno-258x300.jpg 258w, https:\/\/pastisserialapalma.com\/wp-content\/uploads\/2025\/09\/desayuno-10x12.jpg 10w\" sizes=\"auto, (max-width: 660px) 100vw, 660px\" \/><span aria-hidden=\"true\" class=\"wp-block-cover__background has-custom-blanco-c-lido-background-color has-background-dim-0 has-background-dim\"><\/span><div class=\"wp-block-cover__inner-container is-layout-flow wp-block-cover-is-layout-flow\">\n<div class=\"wp-block-group has-custom-blanco-c-lido-background-color has-background is-content-justification-center is-nowrap is-layout-flex wp-container-core-group-is-layout-df648846 wp-block-group-is-layout-flex\" style=\"padding-top:0;padding-bottom:0\">\n<p class=\"is-style-default has-custom-calabaza-color has-text-color has-link-color wp-elements-8bf3e1cec0b8df9e45e8b1c248fb2015 wp-container-content-9cfa9a5a\"><strong><a href=\"\/esp\/productos\/desayunos-a-domicilio\/\">DESAYUNOS<\/a><\/strong><\/p>\n<\/div>\n<\/div><\/div>\n<\/div>\n<\/div>\n\n\n\n<p><\/p>",
        "protected": false
    },
    "excerpt": {
        "rendered": "<p>En Pastisseria La Palma trabajamos multitud de productos en nuestro obrador. A continuaci\u00f3n puedes ver las secciones principales e ir navegando para disfrutar con todos los deliciosos productos artesanos que elaboramos para nuestros clientes tanto los que acuden a la tienda como aquellos que reciben los productos a domicilio a trav\u00e9s de nuestra tienda online. [&hellip;]<\/p>",
        "protected": false
    },
    "author": 1,
    "featured_media": 0,
    "parent": 0,
    "menu_order": 0,
    "comment_status": "closed",
    "ping_status": "closed",
    "template": "",
    "meta": {
        "footnotes": ""
    },
    "class_list": [
        "post-11024",
        "page",
        "type-page",
        "status-publish",
        "hentry"
    ],
    "jetpack_sharing_enabled": true,
    "_links": {
        "self": [
            {
                "href": "https:\/\/pastisserialapalma.com\/esp\/wp-json\/wp\/v2\/pages\/11024",
                "targetHints": {
                    "allow": [
                        "GET"
                    ]
                }
            }
        ],
        "collection": [
            {
                "href": "https:\/\/pastisserialapalma.com\/esp\/wp-json\/wp\/v2\/pages"
            }
        ],
        "about": [
            {
                "href": "https:\/\/pastisserialapalma.com\/esp\/wp-json\/wp\/v2\/types\/page"
            }
        ],
        "author": [
            {
                "embeddable": true,
                "href": "https:\/\/pastisserialapalma.com\/esp\/wp-json\/wp\/v2\/users\/1"
            }
        ],
        "replies": [
            {
                "embeddable": true,
                "href": "https:\/\/pastisserialapalma.com\/esp\/wp-json\/wp\/v2\/comments?post=11024"
            }
        ],
        "version-history": [
            {
                "count": 32,
                "href": "https:\/\/pastisserialapalma.com\/esp\/wp-json\/wp\/v2\/pages\/11024\/revisions"
            }
        ],
        "predecessor-version": [
            {
                "id": 11409,
                "href": "https:\/\/pastisserialapalma.com\/esp\/wp-json\/wp\/v2\/pages\/11024\/revisions\/11409"
            }
        ],
        "wp:attachment": [
            {
                "href": "https:\/\/pastisserialapalma.com\/esp\/wp-json\/wp\/v2\/media?parent=11024"
            }
        ],
        "curies": [
            {
                "name": "wp",
                "href": "https:\/\/api.w.org\/{rel}",
                "templated": true
            }
        ]
    }
}