{"id":7874,"date":"2022-06-14T13:20:45","date_gmt":"2022-06-14T11:20:45","guid":{"rendered":"https:\/\/pastisserialapalma.com\/?p=7874"},"modified":"2022-06-14T13:20:45","modified_gmt":"2022-06-14T11:20:45","slug":"vuelve-la-coca-de-sant-joan-original-para-celebrar-el-centenario","status":"publish","type":"post","link":"https:\/\/pastisserialapalma.com\/cat\/vuelve-la-coca-de-sant-joan-original-para-celebrar-el-centenario\/","title":{"rendered":"Vuelve la Coca de Sant Joan original para celebrar el centenario"},"content":{"rendered":"<p>Si hay un dulce que caracteriza el mes de junio es, sin ninguna duda, la Coca de Sant Joan. Nuestro obrador ya est\u00e1 surtiendo de diferentes cocas artesanales a los clientes. Pero, en especial, <strong>este a\u00f1o nos hace mucha ilusi\u00f3n anunciar que hemos rescatado la receta original del abuelo Ram\u00f3n y la abuela Elvira<\/strong>.<\/p>\n<p>En conmemoraci\u00f3n del centenario que estamos celebrando, <strong>hemos querido rendir homenaje a los fundadores de Pastisseria La Palma<\/strong> volviendo a ofrecer el postre tal y como ellos lo horneaban, sin a\u00f1adiduras ni concesiones.<img decoding=\"async\" src=\"https:\/\/pastisserialapalma.com\/wp-content\/uploads\/vuelve-la-coca-de-sant-joan-original-para-celebrar-el-centenario.jpg\" alt=\"\" \/>\u00bfQuieres probarlo? Ya puedes ponerte en contacto con nosotros para <a href=\"\/cat\/es\/contacto\/\" target=\"_blank\" rel=\"noopener\">hacer tu reserva<\/a>. Y, si eres tan goloso como nosotros y no quieres esperar a Sant Joan para probarlo, ven a visitarnos o haz tu pedido mediante <a href=\"https:\/\/botiga-online.pastisserialapalma.com\/@@articles?category=cocas-sant-joan\" target=\"_blank\" rel=\"noopener\">nuestra tienda online<\/a>.Cocas de Sant Joan para todos los gustos<br \/>\nSobre gustos -como dice el refr\u00e1n- no hay nada escrito. Nuestra experiencia nos dice que cada cual tiene una relaci\u00f3n diferente y personal con el dulce. Por nuestra parte, no queremos olvidarnos de nadie. Y lo demostramos con cocas de Sant Joan para todos los gustos.<\/p>\n<p>Adem\u00e1s de la receta original por el centenario, ponemos a disposici\u00f3n de nuestros clientes los siguientes sabores:<\/p>\n<ul>\n<li><strong>Fruta confitada<\/strong><\/li>\n<li><strong>Fruta confitada y nata<\/strong><\/li>\n<li><strong>Cabello de \u00e1ngel<\/strong><\/li>\n<li><strong>Chicharrones<\/strong><\/li>\n<li><strong>Crema<\/strong><\/li>\n<li><strong>Xocolata<\/strong><\/li>\n<\/ul>\n<p>Siguiendo la tradici\u00f3n, la masa es tipo brioche pero tambi\u00e9n las ofrecemos con masa hojaldrada para aquellos que prefieren el toque crujiente.<\/p>\n<p>Sea que celebres la festividad o no -de cuyo origen te contamos m\u00e1s en el art\u00edculo de nuestro blog \u201c<a href=\"\/cat\/?p=6945\" target=\"_blank\" rel=\"noopener\">\u00bfCu\u00e1l es el origen de la Coca de Sant Joan?<\/a>\u201d, aprovecha la ocasi\u00f3n del a\u00f1o para disfrutar de estas delicias tradicionales que no est\u00e1n disponibles en otras fechas.<\/p>\n<p>Disfr\u00fatala con familia, amigos, compa\u00f1eros de trabajo o solo, pero <strong>no pierdas la oportunidad de degustar la Coca de Sant Joan cuya receta tiene 100 a\u00f1os.<\/strong><\/p>\n<p>Contacte<\/p>","protected":false},"excerpt":{"rendered":"<p>Si hay un dulce que caracteriza el mes de junio es, sin ninguna duda, la Coca de Sant Joan. Nuestro obrador ya est\u00e1 surtiendo de diferentes cocas artesanales a los clientes. Pero, en especial, este a\u00f1o nos hace mucha ilusi\u00f3n anunciar que hemos rescatado la receta original del abuelo Ram\u00f3n y la abuela Elvira. En [&hellip;]<\/p>\n","protected":false},"author":1,"featured_media":7876,"comment_status":"closed","ping_status":"closed","sticky":false,"template":"","format":"standard","meta":{"_jetpack_memberships_contains_paid_content":false,"footnotes":""},"categories":[7],"tags":[],"class_list":["post-7874","post","type-post","status-publish","format-standard","has-post-thumbnail","hentry","category-noticias"],"jetpack_featured_media_url":"https:\/\/pastisserialapalma.com\/wp-content\/uploads\/2022\/06\/vuelve-la-coca-de-sant-joan-original-para-celebrar-el-centenario.jpg","jetpack_sharing_enabled":true,"_links":{"self":[{"href":"https:\/\/pastisserialapalma.com\/cat\/wp-json\/wp\/v2\/posts\/7874","targetHints":{"allow":["GET"]}}],"collection":[{"href":"https:\/\/pastisserialapalma.com\/cat\/wp-json\/wp\/v2\/posts"}],"about":[{"href":"https:\/\/pastisserialapalma.com\/cat\/wp-json\/wp\/v2\/types\/post"}],"author":[{"embeddable":true,"href":"https:\/\/pastisserialapalma.com\/cat\/wp-json\/wp\/v2\/users\/1"}],"replies":[{"embeddable":true,"href":"https:\/\/pastisserialapalma.com\/cat\/wp-json\/wp\/v2\/comments?post=7874"}],"version-history":[{"count":0,"href":"https:\/\/pastisserialapalma.com\/cat\/wp-json\/wp\/v2\/posts\/7874\/revisions"}],"wp:featuredmedia":[{"embeddable":true,"href":"https:\/\/pastisserialapalma.com\/cat\/wp-json\/wp\/v2\/media\/7876"}],"wp:attachment":[{"href":"https:\/\/pastisserialapalma.com\/cat\/wp-json\/wp\/v2\/media?parent=7874"}],"wp:term":[{"taxonomy":"category","embeddable":true,"href":"https:\/\/pastisserialapalma.com\/cat\/wp-json\/wp\/v2\/categories?post=7874"},{"taxonomy":"post_tag","embeddable":true,"href":"https:\/\/pastisserialapalma.com\/cat\/wp-json\/wp\/v2\/tags?post=7874"}],"curies":[{"name":"wp","href":"https:\/\/api.w.org\/{rel}","templated":true}]}}