{
    "id": 3,
    "date": "2025-08-29T17:34:45",
    "date_gmt": "2025-08-29T17:34:45",
    "guid": {
        "rendered": "http:\/\/lapalma.apanymantel.info\/?page_id=3"
    },
    "modified": "2025-09-22T14:51:36",
    "modified_gmt": "2025-09-22T12:51:36",
    "slug": "privacy-policy",
    "status": "publish",
    "type": "page",
    "link": "http:\/\/pastisserialapalma.com\/esp\/privacy-policy\/",
    "title": {
        "rendered": "Pol\u00edtica de privacidad"
    },
    "content": {
        "rendered": "<p>Ram\u00f3n P\u00e9rez i Puigdollers, mediante la presente Pol\u00edtica de Privacidad informa a los USUARIOS del sitio web sobre su pol\u00edtica respecto al tratamiento y protecci\u00f3n de los datos de car\u00e1cter personal de los usuarios y clientes que puedan ser recabados por la navegaci\u00f3n o la contrataci\u00f3n de servicios a trav\u00e9s de nuestro sitio web.<\/p>\n\n\n\n<p>En este sentido, Ram\u00f3n P\u00e9rez i Puigdollers le informa de que sus datos ser\u00e1n tratados en conformidad con las normativas vigentes respecto a pol\u00edtica de privacidad, de acuerdo con lo establecido en el Reglamento (UE) 2016\/679 de 27 de abril de 2016 (RGPD).<\/p>\n\n\n\n<p>El uso de esta p\u00e1gina web implica la aceptaci\u00f3n de dicha pol\u00edtica de privacidad.<\/p>\n\n\n\n<p>Responsable del Tratamiento<\/p>\n\n\n\n<p>Ram\u00f3n P\u00e9rez i Puigdollers es titular de la p\u00e1gina web pastisserialapalma.com<\/p>\n\n\n\n<p>Domicilio social: Calle Clot 72-74 \u2013 Barcelona \u2013 ESPA\u00d1A<\/p>\n\n\n\n<p>Tel\u00e9fono: +34 93 870 86 05<\/p>\n\n\n\n<p>Correo electr\u00f3nico: protecciondedatos@pastisserialapalma.com<\/p>\n\n\n\n<ol class=\"wp-block-list\">\n<li>Obtenci\u00f3n de datos<\/li>\n<\/ol>\n\n\n\n<p>Ram\u00f3n P\u00e9rez i Puigdollers informa que los datos que se obtienen a trav\u00e9s de nuestra p\u00e1gina web, los formularios de la misma y los recibidos por correo electr\u00f3nico son aquellos que se nos facilitan voluntariamente por el usuario, los que se derivan de relaciones y comunicaciones con la empresa e informaci\u00f3n que sea leg\u00edtimamente extra\u00edble de los datos que tratamos.<\/p>\n\n\n\n<p>De la misma forma, tambi\u00e9n obtenemos datos a trav\u00e9s de informaci\u00f3n de terceros que nos proporcione el propio usuario o terceras personas previo consentimiento del mismo, existiendo una base leg\u00edtima.<\/p>\n\n\n\n<ol start=\"2\" class=\"wp-block-list\">\n<li>Finalidad de la obtenci\u00f3n y recogida de datos<\/li>\n<\/ol>\n\n\n\n<p>Ram\u00f3n P\u00e9rez i Puigdollers tratar\u00e1 los datos que le sean facilitados con el objetivo de ofrecerle los productos y\/o servicios que nos haya contratado, gestionar sus consultas o peticiones y cualquier otro supuesto que sea necesario para cumplir las relaciones comerciales que mantenga con nosotros.<\/p>\n\n\n\n<p>Asimismo, tambi\u00e9n se tratar\u00e1n los datos para remitirle comunicaciones comerciales, siempre con su consentimiento previo, as\u00ed como para analizar h\u00e1bitos de navegaci\u00f3n.<\/p>\n\n\n\n<p>En caso de querer formar parte del equipo de Ram\u00f3n P\u00e9rez i Puigdollers se tratar\u00e1n los datos de los usuarios y la documentaci\u00f3n que nos sea facilitada con el fin de valorar el perfil del\/de la candidato\/a y considerarlo para posibles vacantes en la empresa.<\/p>\n\n\n\n<ol start=\"3\" class=\"wp-block-list\">\n<li>Tratamiento de datos<\/li>\n<\/ol>\n\n\n\n<p>De conformidad con la normativa aplicable, Ram\u00f3n P\u00e9rez i Puigdollers se compromete a tratar los datos a los que se tenga acceso aplicando las medidas t\u00e9cnicas, preventivas y organizativas adecuadas. De esta manera garantizamos el m\u00e1ximo nivel de seguridad y unos niveles de confidencialidad, integridad y disponibilidad \u00f3ptimos de los servicios y sistemas de tratamiento de datos.<\/p>\n\n\n\n<ol start=\"4\" class=\"wp-block-list\">\n<li>Comunicaci\u00f3n de informaci\u00f3n a terceros<\/li>\n<\/ol>\n\n\n\n<p>Ram\u00f3n P\u00e9rez i Puigdollers informa a los usuarios de que sus datos personales no ser\u00e1n cedidos a terceras organizaciones, con la salvedad de que dicha cesi\u00f3n de datos est\u00e9 amparada en una obligaci\u00f3n legal o cuando la prestaci\u00f3n de un servicio implique la necesidad de una relaci\u00f3n contractual con un encargado de tratamiento. En este \u00faltimo caso, s\u00f3lo se llevar\u00e1 a cabo la cesi\u00f3n de datos al tercero cuando Ram\u00f3n P\u00e9rez i Puigdollers disponga del consentimiento expreso del usuario.<\/p>\n\n\n\n<p>Es posible que algunos de nuestros proveedores, por ejemplo Google, procesen datos fuera de las fronteras de la Uni\u00f3n Europea. En estos casos, exigimos al proveedor estar adscrito a un protocolo de adecuaci\u00f3n de protecci\u00f3n de datos aprobado por la Uni\u00f3n Europea.<\/p>\n\n\n\n<ol start=\"5\" class=\"wp-block-list\">\n<li>Tiempo de conservaci\u00f3n de los datos<\/li>\n<\/ol>\n\n\n\n<p>Ram\u00f3n P\u00e9rez i Puigdollers conservar\u00e1 todos los datos del usuario hasta el momento en el que se solicite expresamente su supresi\u00f3n o, por el contrario, hasta que termine la relaci\u00f3n empresarial que lo una con nuestra empresa. En este caso, los datos se suprimir\u00e1n cuando queden cumplidos los t\u00e9rminos legales previstos.<\/p>\n\n\n\n<ol start=\"6\" class=\"wp-block-list\">\n<li>Derechos de los usuarios<\/li>\n<\/ol>\n\n\n\n<p>Usted siempre podr\u00e1 ejercer los derechos de acceso, rectificaci\u00f3n, supresi\u00f3n, limitaci\u00f3n, oposici\u00f3n y portabilidad de acuerdo con lo previsto en la normativa legal vigente en materia de pol\u00edtica de privacidad.<\/p>\n\n\n\n<p>Para hacer uso de estos derechos, deber\u00e1 dirigirse mediante comunicaci\u00f3n escrita, aportando documentaci\u00f3n que acredite su identidad (DNI o pasaporte), a la siguiente direcci\u00f3n:<\/p>\n\n\n\n<p>Ram\u00f3n P\u00e9rez i Puigdollers Calle Clot 72-74 \u2013 Barcelona \u2013 ESPA\u00d1A<\/p>\n\n\n\n<p>o mediante correo electr\u00f3nico: protecciondedatos@pastisserialapalma.com<\/p>\n\n\n\n<p>Dicha comunicaci\u00f3n deber\u00e1 indicar de forma clara y concisa sus datos identificativos y acreditativos, as\u00ed como su solicitud respecto a sus datos.<\/p>\n\n\n\n<ol start=\"7\" class=\"wp-block-list\">\n<li>Responsabilidades de los usuarios<\/li>\n<\/ol>\n\n\n\n<p>El usuario se responsabiliza de que todos los datos que se faciliten y se env\u00eden a Ram\u00f3n P\u00e9rez i Puigdollers son veraces, exactos, actualizados, vigentes y aut\u00e9nticos.<\/p>\n\n\n\n<p>Asimismo, tambi\u00e9n es responsable del consentimiento que se da a la empresa para su tratamiento y utilizaci\u00f3n. De la misma forma, el usuario se hace responsable de los datos de terceros que nos pueda facilitar, respecto a los cuales est\u00e1 obligado a tener consentimiento expreso.<\/p>\n\n\n\n<ol start=\"8\" class=\"wp-block-list\">\n<li>Legislaci\u00f3n y jurisdicci\u00f3n<\/li>\n<\/ol>\n\n\n\n<p>El hecho de entrar en el sitio web y en las aplicaciones de Ram\u00f3n P\u00e9rez i Puigdollers implica la aceptaci\u00f3n de las condiciones dispuestas en la presente Pol\u00edtica de Privacidad. En caso de no aceptar estas condiciones, deber\u00e1 evitar utilizar y visitar nuestra p\u00e1gina web.<\/p>\n\n\n\n<p>Todo tipo de inconveniente y controversia que pudiera darse, se regir\u00e1 por la legislaci\u00f3n espa\u00f1ola y se someter\u00e1 a los Juzgados y Tribunales de la ciudad m\u00e1s cercana al domicilio social de Ram\u00f3n P\u00e9rez i Puigdollers<\/p>\n\n\n\n<p><\/p>\n\n\n\n<h2 class=\"wp-block-heading\">Catal\u00e1<\/h2>\n\n\n\n<p>Ram\u00f3n P\u00e9rez i Puigdollers, mitjan\u00e7ant la present Pol\u00edtica de Privacitat, informa als seus USUARIS del lloc web, sobre la seva pol\u00edtica respecte al tractament i protecci\u00f3 de les dades de car\u00e0cter personal dels usuaris i clients que puguin ser recopilades per la navegaci\u00f3 o la contractaci\u00f3 de serveis a trav\u00e9s del nostre lloc web.<\/p>\n\n\n\n<p>En aquest sentit, Ram\u00f3n P\u00e9rez i Puigdollers l\u2019informa de que les seves dades seran tractades de conformitat amb les normes vigents respecte a la pol\u00edtica de privacitat, d\u2019acord amb el que s\u2019estableix en el Reglament (UE) 2016\/679 de 27 d\u2019abril de 2016 (RGPD).<\/p>\n\n\n\n<p>L\u2019\u00fas d\u2019aquesta p\u00e0gina web implica l\u2019acceptaci\u00f3 d\u2019aquesta pol\u00edtica de privacitat.<\/p>\n\n\n\n<p>Responsable del Tractament<\/p>\n\n\n\n<p>Ram\u00f3n P\u00e9rez i Puigdollers \u00e9s titular de la p\u00e0gina web pastisserialapalma.com<\/p>\n\n\n\n<p>Domicili social: Carrer Clot 72-74 \u2013 Barcelona<\/p>\n\n\n\n<p>Tel\u00e8fon: +34 93 232 52 57<\/p>\n\n\n\n<p>Correu electr\u00f2nic: info@pastisserialapalma.com<\/p>\n\n\n\n<ol class=\"wp-block-list\">\n<li>Obtenci\u00f3 de les dades<\/li>\n<\/ol>\n\n\n\n<p>Ram\u00f3n P\u00e9rez i Puigdollers informa que les dades que s\u2019obtenen a trav\u00e9s de la nostra p\u00e0gina web, els formularis de la mateixa i els rebuts per correu electr\u00f2nic, s\u00f3n aquelles que se\u2019ns faciliten volunt\u00e0riament per l\u2019usuari, les que es deriven de relacions i comunicacions amb l\u2019empresa i informaci\u00f3 que sigui leg\u00edtimament extra\u00efble de les dades que tractem.<\/p>\n\n\n\n<p>De la mateixa forma, tamb\u00e9 obtenim dades a trav\u00e9s de la informaci\u00f3 de tercers que ens proporcioni el propi usuari o terceres persones, previ consentiment del mateix, existint una base leg\u00edtima.<\/p>\n\n\n\n<ol start=\"2\" class=\"wp-block-list\">\n<li>Finalitat de l\u2019obtenci\u00f3 i recollida de dades<\/li>\n<\/ol>\n\n\n\n<p>Ram\u00f3n P\u00e9rez i Puigdollers tractar\u00e0 les dades que li siguin facilitades amb l\u2019objectiu d\u2019oferir-li els productes i\/o serveis que ens hagin estat contractats, gestionar les seves consultes o peticions i qualsevol altre sup\u00f2sit que sigui necessari per a complir les relacions comercials que mantingui amb nosaltres.<\/p>\n\n\n\n<p>Aix\u00ed mateix, tamb\u00e9 es tractaran les dades per remetre-li comunicacions comercials, sempre amb el seu consentiment previ, aix\u00ed com per analitzar h\u00e0bits de navegaci\u00f3.<\/p>\n\n\n\n<p>En cas de voler formar part de l\u2019equip de Ram\u00f3n P\u00e9rez i Puigdollers, es tractaran les dades dels usuaris i la documentaci\u00f3 que ens sigui facilitada, amb la finalitat de valorar el perfil del\/de la candidat\/a i considerar-lo per a possibles vacants a l\u2019empresa.<\/p>\n\n\n\n<ol start=\"3\" class=\"wp-block-list\">\n<li>Tractament de dades<\/li>\n<\/ol>\n\n\n\n<p>De conformitat amb la normativa aplicable, Ram\u00f3n P\u00e9rez i Puigdollers es compromet a tractar les dades a les que tingui acc\u00e9s aplicant les mesures t\u00e8cniques preventives i organitzatives adequades. D\u2019aquesta manera, garantim el m\u00e0xim nivell de seguretat i uns nivells de confidencialitat, integritat i disponibilitat \u00f2ptims dels serveis i sistemes de tractament de dades.<\/p>\n\n\n\n<ol start=\"4\" class=\"wp-block-list\">\n<li>Comunicaci\u00f3 d\u2019informaci\u00f3 a tercers<\/li>\n<\/ol>\n\n\n\n<p>Ram\u00f3n P\u00e9rez i Puigdollers informa als seus usuaris de que les seves dades personals no seran cedides a terceres organitzacions, amb l\u2019excepci\u00f3 de que aquesta cessi\u00f3 de dades estigui emparada en una obligaci\u00f3 legal o quan la prestaci\u00f3 d\u2019un servei impliqui la necessitat d\u2019una relaci\u00f3 contractual amb un encarregat del tractament. En aquest \u00faltim cas, nom\u00e9s es portar\u00e0 a terme la cessi\u00f3 de dades al tercer quan Ram\u00f3n P\u00e9rez i Puigdollers disposi del consentiment expr\u00e9s de l\u2019usuari.<\/p>\n\n\n\n<p>Es possible que alguns dels nostres prove\u00efdors, per exemple Google, processin dades fora de les fronteres de la Uni\u00f3 Europea. En aquest casos, exigim al prove\u00efdor estar adscrit a un protocol d\u2019adequaci\u00f3 de protecci\u00f3 de dades aprovat per la Uni\u00f3 Europea.<\/p>\n\n\n\n<ol start=\"5\" class=\"wp-block-list\">\n<li>Temps de conservaci\u00f3 de les dades<\/li>\n<\/ol>\n\n\n\n<p>Ram\u00f3n P\u00e9rez i Puigdollers conservar\u00e0 totes les dades de l\u2019usuari fins el moment en que sol\u00b7liciti expressament la seva supressi\u00f3 o, pel contrari, fins que acabi la relaci\u00f3 empresarial que l\u2019uneix amb la nostra empresa. En aquest cas, les dades es suprimiran quan s\u2019hagin acomplert els termes legals previstos.<\/p>\n\n\n\n<ol start=\"6\" class=\"wp-block-list\">\n<li>Drets dels usuaris<\/li>\n<\/ol>\n\n\n\n<p>Vost\u00e8 sempre podr\u00e0 exercir els drets d\u2019acc\u00e9s, rectificaci\u00f3, supressi\u00f3, limitaci\u00f3, oposici\u00f3 i portabilitat d\u2019acord amb el previst en la normativa legal vigent en mat\u00e8ria de pol\u00edtica de privacitat.<\/p>\n\n\n\n<p>Per a fer \u00fas d\u2019aquest drets, haur\u00e0 de dirigir-se mitjan\u00e7ant comunicaci\u00f3 escrita, aportant documentaci\u00f3 que acrediti la seva identitat (DNI o passaport), a la seg\u00fcent adre\u00e7a:<\/p>\n\n\n\n<p>Ram\u00f3n P\u00e9rez i Puigdollers, Carrer Clot 72-74 \u2013 Barcelona \u2013 ESPANYA<\/p>\n\n\n\n<p>o mitjan\u00e7ant correu electr\u00f2nic: info@pastisserialapalma.com<\/p>\n\n\n\n<ol start=\"7\" class=\"wp-block-list\">\n<li>Responsabilitats dels usuaris<\/li>\n<\/ol>\n\n\n\n<p>L\u2019usuari es responsabilitza de que totes les dades que es facilitin i s\u2019envi\u00efn a Ram\u00f3n P\u00e9rez i Puigdollers s\u00f3n ver\u00eddiques, exactes, actualitzades, vigents i aut\u00e8ntiques. Aix\u00ed mateix, tamb\u00e9 \u00e9s responsable del consentiment que es dona a l\u2019empresa per al seu tractament i utilitzaci\u00f3. De la mateixa manera, l\u2019usuari es fa responsable de les dades a tercers que ens pugui facilitar, respecte als quals est\u00e0 obligat a tenir el seu consentiment expr\u00e9s.<\/p>\n\n\n\n<ol start=\"8\" class=\"wp-block-list\">\n<li>Legislaci\u00f3 i jurisdicci\u00f3<\/li>\n<\/ol>\n\n\n\n<p>El fet d\u2019entrar en el lloc web i a les aplicacions de Ram\u00f3n P\u00e9rez i Puigdollers implica l\u2019acceptaci\u00f3 de les condicions disposades en la present Pol\u00edtica de Privacitat. En cas de no acceptar aquestes condicions, haur\u00e0 d\u2019evitar utilitzar i visitar la nostra p\u00e0gina web.<\/p>\n\n\n\n<p>Tot tipus d\u2019inconvenient i controv\u00e8rsia que es pugui donar, es regir\u00e0 per la legislaci\u00f3 espanyola i es sotmetr\u00e0 als Jutjats i Tribunals de la ciutat m\u00e9s propera al domicili social de Ram\u00f3n P\u00e9rez i Puigdollers<\/p>",
        "protected": false
    },
    "excerpt": {
        "rendered": "<p>Ram\u00f3n P\u00e9rez i Puigdollers, mediante la presente Pol\u00edtica de Privacidad informa a los USUARIOS del sitio web sobre su pol\u00edtica respecto al tratamiento y protecci\u00f3n de los datos de car\u00e1cter personal de los usuarios y clientes que puedan ser recabados por la navegaci\u00f3n o la contrataci\u00f3n de servicios a trav\u00e9s de nuestro sitio web. En [&hellip;]<\/p>",
        "protected": false
    },
    "author": 1,
    "featured_media": 0,
    "parent": 0,
    "menu_order": 0,
    "comment_status": "closed",
    "ping_status": "open",
    "template": "",
    "meta": {
        "footnotes": ""
    },
    "class_list": [
        "post-3",
        "page",
        "type-page",
        "status-publish",
        "hentry"
    ],
    "jetpack_sharing_enabled": true,
    "_links": {
        "self": [
            {
                "href": "http:\/\/pastisserialapalma.com\/esp\/wp-json\/wp\/v2\/pages\/3",
                "targetHints": {
                    "allow": [
                        "GET"
                    ]
                }
            }
        ],
        "collection": [
            {
                "href": "http:\/\/pastisserialapalma.com\/esp\/wp-json\/wp\/v2\/pages"
            }
        ],
        "about": [
            {
                "href": "http:\/\/pastisserialapalma.com\/esp\/wp-json\/wp\/v2\/types\/page"
            }
        ],
        "author": [
            {
                "embeddable": true,
                "href": "http:\/\/pastisserialapalma.com\/esp\/wp-json\/wp\/v2\/users\/1"
            }
        ],
        "replies": [
            {
                "embeddable": true,
                "href": "http:\/\/pastisserialapalma.com\/esp\/wp-json\/wp\/v2\/comments?post=3"
            }
        ],
        "version-history": [
            {
                "count": 2,
                "href": "http:\/\/pastisserialapalma.com\/esp\/wp-json\/wp\/v2\/pages\/3\/revisions"
            }
        ],
        "predecessor-version": [
            {
                "id": 11326,
                "href": "http:\/\/pastisserialapalma.com\/esp\/wp-json\/wp\/v2\/pages\/3\/revisions\/11326"
            }
        ],
        "wp:attachment": [
            {
                "href": "http:\/\/pastisserialapalma.com\/esp\/wp-json\/wp\/v2\/media?parent=3"
            }
        ],
        "curies": [
            {
                "name": "wp",
                "href": "https:\/\/api.w.org\/{rel}",
                "templated": true
            }
        ]
    }
}