{
    "id": 11063,
    "date": "2025-09-12T12:39:04",
    "date_gmt": "2025-09-12T10:39:04",
    "guid": {
        "rendered": "http:\/\/lapalma.apanymantel.info\/?page_id=11063"
    },
    "modified": "2025-09-26T10:09:59",
    "modified_gmt": "2025-09-26T08:09:59",
    "slug": "celebraciones-y-diadas",
    "status": "publish",
    "type": "page",
    "link": "http:\/\/pastisserialapalma.com\/esp\/productos\/celebraciones-y-diadas\/",
    "title": {
        "rendered": "Celebraciones y Diadas"
    },
    "content": {
        "rendered": "<hr class=\"wp-block-separator has-text-color has-custom-calabaza-color has-alpha-channel-opacity has-custom-calabaza-background-color has-background\"\/>\n\n\n\n<div class=\"wp-block-group has-global-padding is-layout-constrained wp-container-core-group-is-layout-647a4299 wp-block-group-is-layout-constrained\" style=\"padding-right:var(--wp--preset--spacing--30);padding-left:var(--wp--preset--spacing--30)\">\n<p>Elaboramos pasteles y dulces tradicionales para Reyes, Cuaresma, Pascua, San Juan, la casta\u00f1ada, navidad y a\u00f1o nuevo.<br>En Navidad, aparte de postres y dulces, preparamos bandejas de catering, y cestas y lotes con productos de calidad suprema.<\/p>\n\n\n\n<p>Adem\u00e1s de estos d\u00edas, tambi\u00e9n hay otras diadas m\u00e1s peque\u00f1itas en las que nos gusta innovar y preparar alguna cosa especial.<\/p>\n\n\n\n<p>P\u00e1sate por nuestro <a href=\"\/esp\/noticias\/\">blog<\/a>, <a href=\"https:\/\/www.instagram.com\/lapalma1922\/\" data-type=\"link\" data-id=\"https:\/\/www.instagram.com\/lapalma1922\/\">instagram<\/a> o <a href=\"https:\/\/www.facebook.com\/pastisserialapalma\" data-type=\"link\" data-id=\"https:\/\/www.facebook.com\/pastisserialapalma\">Facebook<\/a>, porque generalmente las anunciamos por ah\u00ed.<\/p>\n\n\n\n<p>Este tipo de productos los podr\u00e1s <a href=\"https:\/\/botiga-online.pastisserialapalma.com\/@@articles?category=catering\">comprar online<\/a> \u00fanicamente durante las fechas previas o durante las celebraciones.<\/p>\n<\/div>\n\n\n\n<div class=\"wp-block-group alignfull has-global-padding is-layout-constrained wp-block-group-is-layout-constrained\" style=\"margin-top:0;margin-bottom:0;padding-top:var(--wp--preset--spacing--50);padding-bottom:var(--wp--preset--spacing--50)\">\n<div class=\"wp-block-group alignwide is-layout-grid wp-container-core-group-is-layout-5b415257 wp-block-group-is-layout-grid\">\n<div class=\"wp-block-group is-style-section-3 has-global-padding is-layout-constrained wp-block-group-is-layout-constrained is-style-section-3--1\" style=\"min-height:180px\">\n<div class=\"wp-block-group is-style-section-2 has-custom-blanco-c-lido-color has-custom-calabaza-background-color has-text-color has-background has-link-color wp-elements-a5493bf21cc2f1dc806bfefbf87103a2 is-vertical is-content-justification-center is-layout-flex wp-container-core-group-is-layout-fa589ca4 wp-block-group-is-layout-flex is-style-section-2--2\" style=\"min-height:100%;padding-top:0;padding-right:var(--wp--preset--spacing--20);padding-bottom:0;padding-left:var(--wp--preset--spacing--20)\">\n<h2 class=\"wp-block-heading has-text-align-center has-custom-blanco-c-lido-color has-text-color has-link-color has-large-font-size wp-elements-fcfb4320ba986cc290efcbd138f9da66\">Elaboramos dulces para todas las festividades!!<\/h2>\n<\/div>\n<\/div>\n\n\n\n<div class=\"wp-block-cover is-light has-custom-content-position is-position-bottom-center small-category wp-container-content-f99eb950 has-aspect-ratio\" style=\"padding-top:0;padding-right:0;padding-bottom:0;padding-left:0;aspect-ratio:1;min-height:unset;\" id=\"product-category\"><img loading=\"lazy\" decoding=\"async\" width=\"300\" height=\"300\" class=\"wp-block-cover__image-background wp-image-11167 size-full\" alt=\"turron de navidad\" src=\"http:\/\/lapalma.apanymantel.info\/wp-content\/uploads\/2025\/09\/navidad.jpg\" data-object-fit=\"cover\" srcset=\"https:\/\/pastisserialapalma.com\/wp-content\/uploads\/2025\/09\/navidad.jpg 300w, https:\/\/pastisserialapalma.com\/wp-content\/uploads\/2025\/09\/navidad-150x150.jpg 150w, https:\/\/pastisserialapalma.com\/wp-content\/uploads\/2025\/09\/navidad-12x12.jpg 12w\" sizes=\"auto, (max-width: 300px) 100vw, 300px\" \/><span aria-hidden=\"true\" class=\"wp-block-cover__background has-custom-blanco-c-lido-background-color has-background-dim-0 has-background-dim\"><\/span><div class=\"wp-block-cover__inner-container has-global-padding is-layout-constrained wp-container-core-cover-is-layout-639b5052 wp-block-cover-is-layout-constrained\">\n<div class=\"wp-block-group has-custom-blanco-c-lido-background-color has-background is-content-justification-center is-nowrap is-layout-flex wp-container-core-group-is-layout-99bd6245 wp-block-group-is-layout-flex\" style=\"padding-top:0;padding-bottom:0\">\n<p class=\"is-style-default has-custom-calabaza-color has-text-color has-link-color has-medium-font-size wp-elements-81cad8c6fd0820d120e64565057d64d0 wp-container-content-9cfa9a5a\"><a href=\"http:\/\/lapalma.apanymantel.info\/productos\/celebraciones-y-diadas\/navidad\/\" data-type=\"page\" data-id=\"11200\">NAVIDAD<\/a><\/p>\n<\/div>\n<\/div><\/div>\n\n\n\n<div class=\"wp-block-cover is-light has-custom-content-position is-position-bottom-center small-category has-aspect-ratio\" style=\"padding-top:0;padding-right:0;padding-bottom:0;padding-left:0;aspect-ratio:1;min-height:unset;\" id=\"product-category\"><img loading=\"lazy\" decoding=\"async\" width=\"300\" height=\"300\" class=\"wp-block-cover__image-background wp-image-11183 size-full\" alt=\"pastel diada\" src=\"http:\/\/lapalma.apanymantel.info\/wp-content\/uploads\/2025\/09\/Pastel-Diada.jpg\" data-object-fit=\"cover\" srcset=\"https:\/\/pastisserialapalma.com\/wp-content\/uploads\/2025\/09\/Pastel-Diada.jpg 300w, https:\/\/pastisserialapalma.com\/wp-content\/uploads\/2025\/09\/Pastel-Diada-150x150.jpg 150w, https:\/\/pastisserialapalma.com\/wp-content\/uploads\/2025\/09\/Pastel-Diada-12x12.jpg 12w\" sizes=\"auto, (max-width: 300px) 100vw, 300px\" \/><span aria-hidden=\"true\" class=\"wp-block-cover__background has-custom-blanco-c-lido-background-color has-background-dim-0 has-background-dim\"><\/span><div class=\"wp-block-cover__inner-container has-global-padding is-layout-constrained wp-container-core-cover-is-layout-639b5052 wp-block-cover-is-layout-constrained\">\n<div class=\"wp-block-group has-custom-blanco-c-lido-background-color has-background is-content-justification-center is-nowrap is-layout-flex wp-container-core-group-is-layout-99bd6245 wp-block-group-is-layout-flex\" style=\"padding-top:0;padding-bottom:0\">\n<p class=\"is-style-default has-custom-calabaza-color has-text-color has-link-color has-medium-font-size wp-elements-0e061c33e4a23e4cef8d9afe65ac46ab wp-container-content-9cfa9a5a\"><a href=\"\/esp\/productos\/celebraciones-y-diadas\/#diada\" data-type=\"link\" data-id=\"https:\/\/botiga-online.pastisserialapalma.com\/@@articles?category=canapes\">DIADA<\/a><\/p>\n<\/div>\n<\/div><\/div>\n\n\n\n<div class=\"wp-block-cover is-light has-custom-content-position is-position-bottom-center small-category wp-container-content-f99eb950 has-aspect-ratio\" style=\"padding-top:0;padding-right:0;padding-bottom:0;padding-left:0;aspect-ratio:1;min-height:unset;\" id=\"product-category\"><img loading=\"lazy\" decoding=\"async\" width=\"300\" height=\"300\" class=\"wp-block-cover__image-background wp-image-11185 size-full\" alt=\"Sant Jordi\" src=\"http:\/\/lapalma.apanymantel.info\/wp-content\/uploads\/2025\/09\/Sant-Jordi.jpg\" data-object-fit=\"cover\" srcset=\"https:\/\/pastisserialapalma.com\/wp-content\/uploads\/2025\/09\/Sant-Jordi.jpg 300w, https:\/\/pastisserialapalma.com\/wp-content\/uploads\/2025\/09\/Sant-Jordi-150x150.jpg 150w, https:\/\/pastisserialapalma.com\/wp-content\/uploads\/2025\/09\/Sant-Jordi-12x12.jpg 12w\" sizes=\"auto, (max-width: 300px) 100vw, 300px\" \/><span aria-hidden=\"true\" class=\"wp-block-cover__background has-custom-blanco-c-lido-background-color has-background-dim-0 has-background-dim\"><\/span><div class=\"wp-block-cover__inner-container has-global-padding is-layout-constrained wp-container-core-cover-is-layout-639b5052 wp-block-cover-is-layout-constrained\">\n<div class=\"wp-block-group has-custom-blanco-c-lido-background-color has-background is-content-justification-center is-nowrap is-layout-flex wp-container-core-group-is-layout-99bd6245 wp-block-group-is-layout-flex\" style=\"padding-top:0;padding-bottom:0\">\n<p class=\"is-style-default has-custom-calabaza-color has-text-color has-link-color has-medium-font-size wp-elements-62c8aebdf0414744daf897b05b201773 wp-container-content-9cfa9a5a\"><a href=\"\/esp\/productos\/celebraciones-y-diadas\/#sant-jordi\" data-type=\"link\" data-id=\"https:\/\/botiga-online.pastisserialapalma.com\/@@articles?category=cocas-saladas\">SANT JORDI<\/a><\/p>\n<\/div>\n<\/div><\/div>\n\n\n\n<div class=\"wp-block-cover is-light has-custom-content-position is-position-bottom-center small-category wp-container-content-f99eb950 has-aspect-ratio\" style=\"padding-top:0;padding-right:0;padding-bottom:0;padding-left:0;aspect-ratio:1;min-height:unset;\" id=\"product-category\"><img loading=\"lazy\" decoding=\"async\" width=\"300\" height=\"300\" class=\"wp-block-cover__image-background wp-image-11178 size-full\" alt=\"Mona de pascua Molino\" src=\"http:\/\/lapalma.apanymantel.info\/wp-content\/uploads\/2025\/09\/monas-de-pascua.jpg\" data-object-fit=\"cover\" srcset=\"https:\/\/pastisserialapalma.com\/wp-content\/uploads\/2025\/09\/monas-de-pascua.jpg 300w, https:\/\/pastisserialapalma.com\/wp-content\/uploads\/2025\/09\/monas-de-pascua-150x150.jpg 150w, https:\/\/pastisserialapalma.com\/wp-content\/uploads\/2025\/09\/monas-de-pascua-12x12.jpg 12w\" sizes=\"auto, (max-width: 300px) 100vw, 300px\" \/><span aria-hidden=\"true\" class=\"wp-block-cover__background has-custom-blanco-c-lido-background-color has-background-dim-0 has-background-dim\"><\/span><div class=\"wp-block-cover__inner-container has-global-padding is-layout-constrained wp-container-core-cover-is-layout-639b5052 wp-block-cover-is-layout-constrained\">\n<div class=\"wp-block-group has-custom-blanco-c-lido-background-color has-background is-content-justification-center is-nowrap is-layout-flex wp-container-core-group-is-layout-99bd6245 wp-block-group-is-layout-flex\" style=\"padding-top:0;padding-bottom:0\">\n<p class=\"is-style-default has-custom-calabaza-color has-text-color has-link-color has-medium-font-size wp-elements-ffb40e0a156550f907a048fc01b5a0ba wp-container-content-9cfa9a5a\"><a href=\"\/esp\/productos\/celebraciones-y-diadas\/#monas-de-pascua\" data-type=\"link\" data-id=\"https:\/\/botiga-online.pastisserialapalma.com\/@@articles?category=montaditos\">MONAS DE PASCUA<\/a><\/p>\n<\/div>\n<\/div><\/div>\n\n\n\n<div class=\"wp-block-cover is-light has-custom-content-position is-position-bottom-center small-category has-aspect-ratio\" style=\"padding-top:0;padding-right:0;padding-bottom:0;padding-left:0;aspect-ratio:1;min-height:unset;\" id=\"product-category\"><img loading=\"lazy\" decoding=\"async\" width=\"294\" height=\"294\" class=\"wp-block-cover__image-background wp-image-11184 size-full\" alt=\"\" src=\"http:\/\/lapalma.apanymantel.info\/wp-content\/uploads\/2025\/09\/reyes.jpg\" data-object-fit=\"cover\" srcset=\"https:\/\/pastisserialapalma.com\/wp-content\/uploads\/2025\/09\/reyes.jpg 294w, https:\/\/pastisserialapalma.com\/wp-content\/uploads\/2025\/09\/reyes-150x150.jpg 150w, https:\/\/pastisserialapalma.com\/wp-content\/uploads\/2025\/09\/reyes-12x12.jpg 12w\" sizes=\"auto, (max-width: 294px) 100vw, 294px\" \/><span aria-hidden=\"true\" class=\"wp-block-cover__background has-custom-blanco-c-lido-background-color has-background-dim-0 has-background-dim\"><\/span><div class=\"wp-block-cover__inner-container has-global-padding is-layout-constrained wp-container-core-cover-is-layout-639b5052 wp-block-cover-is-layout-constrained\">\n<div class=\"wp-block-group has-custom-blanco-c-lido-background-color has-background is-content-justification-center is-nowrap is-layout-flex wp-container-core-group-is-layout-99bd6245 wp-block-group-is-layout-flex\" style=\"padding-top:0;padding-bottom:0\">\n<p class=\"is-style-default has-custom-calabaza-color has-text-color has-link-color has-medium-font-size wp-elements-7ac1c4eb465ab2eafaf02a1c43ea9d02 wp-container-content-9cfa9a5a\"><strong><a href=\"\/esp\/productos\/celebraciones-y-diadas\/#roscones\" data-type=\"link\" data-id=\"https:\/\/botiga-online.pastisserialapalma.com\/@@articles?category=bocadillos-y-briox\">ROSCONES DE REYES<\/a><\/strong><\/p>\n<\/div>\n<\/div><\/div>\n\n\n\n<div class=\"wp-block-cover is-light has-custom-content-position is-position-bottom-center small-category has-aspect-ratio\" style=\"padding-top:0;padding-right:0;padding-bottom:0;padding-left:0;aspect-ratio:1;min-height:unset;\" id=\"product-category\"><img loading=\"lazy\" decoding=\"async\" width=\"300\" height=\"300\" class=\"wp-block-cover__image-background wp-image-11186 size-full\" alt=\"\" src=\"http:\/\/lapalma.apanymantel.info\/wp-content\/uploads\/2025\/09\/san-valentin-1.jpg\" data-object-fit=\"cover\" srcset=\"https:\/\/pastisserialapalma.com\/wp-content\/uploads\/2025\/09\/san-valentin-1.jpg 300w, https:\/\/pastisserialapalma.com\/wp-content\/uploads\/2025\/09\/san-valentin-1-150x150.jpg 150w, https:\/\/pastisserialapalma.com\/wp-content\/uploads\/2025\/09\/san-valentin-1-12x12.jpg 12w\" sizes=\"auto, (max-width: 300px) 100vw, 300px\" \/><span aria-hidden=\"true\" class=\"wp-block-cover__background has-custom-blanco-c-lido-background-color has-background-dim-0 has-background-dim\"><\/span><div class=\"wp-block-cover__inner-container has-global-padding is-layout-constrained wp-container-core-cover-is-layout-639b5052 wp-block-cover-is-layout-constrained\">\n<div class=\"wp-block-group has-custom-blanco-c-lido-background-color has-background is-content-justification-center is-nowrap is-layout-flex wp-container-core-group-is-layout-99bd6245 wp-block-group-is-layout-flex\" style=\"padding-top:0;padding-bottom:0\">\n<p class=\"is-style-default has-custom-calabaza-color has-text-color has-link-color has-medium-font-size wp-elements-752b0e418dffc91cd47a9849a6160d38 wp-container-content-9cfa9a5a\"><strong><a href=\"\/esp\/productos\/celebraciones-y-diadas\/#san-valentin\" data-type=\"link\" data-id=\"https:\/\/botiga-online.pastisserialapalma.com\/@@articles?category=pasta-salada\">SAN VALENTIN<\/a><\/strong><\/p>\n<\/div>\n<\/div><\/div>\n\n\n\n<div class=\"wp-block-cover is-light has-custom-content-position is-position-bottom-center small-category wp-container-content-f99eb950 has-aspect-ratio\" style=\"padding-top:0;padding-right:0;padding-bottom:0;padding-left:0;aspect-ratio:1;min-height:unset;\" id=\"product-category\"><img loading=\"lazy\" decoding=\"async\" width=\"300\" height=\"300\" class=\"wp-block-cover__image-background wp-image-11172 size-full\" alt=\"pastel d\u00eda de la mujer\" src=\"http:\/\/lapalma.apanymantel.info\/wp-content\/uploads\/2025\/09\/dia-de-la-mujer.jpg\" data-object-fit=\"cover\" srcset=\"https:\/\/pastisserialapalma.com\/wp-content\/uploads\/2025\/09\/dia-de-la-mujer.jpg 300w, https:\/\/pastisserialapalma.com\/wp-content\/uploads\/2025\/09\/dia-de-la-mujer-150x150.jpg 150w, https:\/\/pastisserialapalma.com\/wp-content\/uploads\/2025\/09\/dia-de-la-mujer-12x12.jpg 12w\" sizes=\"auto, (max-width: 300px) 100vw, 300px\" \/><span aria-hidden=\"true\" class=\"wp-block-cover__background has-custom-blanco-c-lido-background-color has-background-dim-0 has-background-dim\"><\/span><div class=\"wp-block-cover__inner-container has-global-padding is-layout-constrained wp-container-core-cover-is-layout-639b5052 wp-block-cover-is-layout-constrained\">\n<div class=\"wp-block-group has-custom-blanco-c-lido-background-color has-background is-content-justification-center is-nowrap is-layout-flex wp-container-core-group-is-layout-99bd6245 wp-block-group-is-layout-flex\" style=\"padding-top:0;padding-bottom:0\">\n<p class=\"is-style-default has-custom-calabaza-color has-text-color has-link-color has-medium-font-size wp-elements-46f6fb1bcef93cac8dd65205774dc3dd wp-container-content-9cfa9a5a\"><strong><a href=\"\/esp\/productos\/celebraciones-y-diadas\/#dia-de-la-mujer\" data-type=\"link\" data-id=\"https:\/\/botiga-online.pastisserialapalma.com\/@@articles?category=pizzas-y-quiches\">DIA DE LA MUJER<\/a><\/strong><\/p>\n<\/div>\n<\/div><\/div>\n\n\n\n<div class=\"wp-block-cover is-light has-custom-content-position is-position-bottom-center small-category wp-container-content-f99eb950 has-aspect-ratio\" style=\"padding-top:0;padding-right:0;padding-bottom:0;padding-left:0;aspect-ratio:1;min-height:unset;\" id=\"product-category\"><img loading=\"lazy\" decoding=\"async\" width=\"300\" height=\"300\" class=\"wp-block-cover__image-background wp-image-11170 size-full\" alt=\"D\u00eda de la madre\" src=\"http:\/\/lapalma.apanymantel.info\/wp-content\/uploads\/2025\/09\/dia-de-la-madre3.jpg\" data-object-fit=\"cover\" srcset=\"https:\/\/pastisserialapalma.com\/wp-content\/uploads\/2025\/09\/dia-de-la-madre3.jpg 300w, https:\/\/pastisserialapalma.com\/wp-content\/uploads\/2025\/09\/dia-de-la-madre3-150x150.jpg 150w, https:\/\/pastisserialapalma.com\/wp-content\/uploads\/2025\/09\/dia-de-la-madre3-12x12.jpg 12w\" sizes=\"auto, (max-width: 300px) 100vw, 300px\" \/><span aria-hidden=\"true\" class=\"wp-block-cover__background has-custom-blanco-c-lido-background-color has-background-dim-0 has-background-dim\"><\/span><div class=\"wp-block-cover__inner-container has-global-padding is-layout-constrained wp-container-core-cover-is-layout-639b5052 wp-block-cover-is-layout-constrained\">\n<div class=\"wp-block-group has-custom-blanco-c-lido-background-color has-background is-content-justification-center is-nowrap is-layout-flex wp-container-core-group-is-layout-99bd6245 wp-block-group-is-layout-flex\" style=\"padding-top:0;padding-bottom:0\">\n<p class=\"is-style-default has-custom-calabaza-color has-text-color has-link-color has-medium-font-size wp-elements-b3a7eadc57029389efac9d5890315789 wp-container-content-9cfa9a5a\"><strong><a href=\"\/esp\/productos\/celebraciones-y-diadas\/#dia-de-la-madre\" data-type=\"link\" data-id=\"https:\/\/botiga-online.pastisserialapalma.com\/@@articles?category=pizzas-y-quiches\">D\u00cdA DE L MADRE<\/a><\/strong><\/p>\n<\/div>\n<\/div><\/div>\n\n\n\n<div class=\"wp-block-cover is-light has-custom-content-position is-position-bottom-center small-category wp-container-content-f99eb950 has-aspect-ratio\" style=\"padding-top:0;padding-right:0;padding-bottom:0;padding-left:0;aspect-ratio:1;min-height:unset;\" id=\"product-category\"><img loading=\"lazy\" decoding=\"async\" width=\"202\" height=\"202\" class=\"wp-block-cover__image-background wp-image-11173 size-full\" alt=\"D\u00eda del padre\" src=\"http:\/\/lapalma.apanymantel.info\/wp-content\/uploads\/2025\/09\/dia-del-padre-1.jpg\" data-object-fit=\"cover\" srcset=\"https:\/\/pastisserialapalma.com\/wp-content\/uploads\/2025\/09\/dia-del-padre-1.jpg 202w, https:\/\/pastisserialapalma.com\/wp-content\/uploads\/2025\/09\/dia-del-padre-1-150x150.jpg 150w, https:\/\/pastisserialapalma.com\/wp-content\/uploads\/2025\/09\/dia-del-padre-1-12x12.jpg 12w\" sizes=\"auto, (max-width: 202px) 100vw, 202px\" \/><span aria-hidden=\"true\" class=\"wp-block-cover__background has-custom-blanco-c-lido-background-color has-background-dim-0 has-background-dim\"><\/span><div class=\"wp-block-cover__inner-container has-global-padding is-layout-constrained wp-container-core-cover-is-layout-639b5052 wp-block-cover-is-layout-constrained\">\n<div class=\"wp-block-group has-custom-blanco-c-lido-background-color has-background is-content-justification-center is-nowrap is-layout-flex wp-container-core-group-is-layout-99bd6245 wp-block-group-is-layout-flex\" style=\"padding-top:0;padding-bottom:0\">\n<p class=\"is-style-default has-custom-calabaza-color has-text-color has-link-color has-medium-font-size wp-elements-679546b9ba34fd9a312e10cf5098bfc2 wp-container-content-9cfa9a5a\"><strong><a href=\"\/esp\/productos\/celebraciones-y-diadas\/#dia-del-padre\" data-type=\"link\" data-id=\"https:\/\/botiga-online.pastisserialapalma.com\/@@articles?category=focaccia\">D\u00cdA DEL PADRE<\/a><\/strong><\/p>\n<\/div>\n<\/div><\/div>\n\n\n\n<div class=\"wp-block-cover is-light has-custom-content-position is-position-bottom-center small-category wp-container-content-f99eb950 has-aspect-ratio\" style=\"padding-top:0;padding-right:0;padding-bottom:0;padding-left:0;aspect-ratio:1;min-height:unset;\" id=\"product-category\"><img loading=\"lazy\" decoding=\"async\" width=\"300\" height=\"300\" class=\"wp-block-cover__image-background wp-image-11175 size-full\" alt=\"galletas de halloween\" src=\"http:\/\/lapalma.apanymantel.info\/wp-content\/uploads\/2025\/09\/halloween-1.jpg\" data-object-fit=\"cover\" srcset=\"https:\/\/pastisserialapalma.com\/wp-content\/uploads\/2025\/09\/halloween-1.jpg 300w, https:\/\/pastisserialapalma.com\/wp-content\/uploads\/2025\/09\/halloween-1-150x150.jpg 150w, https:\/\/pastisserialapalma.com\/wp-content\/uploads\/2025\/09\/halloween-1-12x12.jpg 12w\" sizes=\"auto, (max-width: 300px) 100vw, 300px\" \/><span aria-hidden=\"true\" class=\"wp-block-cover__background has-custom-blanco-c-lido-background-color has-background-dim-0 has-background-dim\"><\/span><div class=\"wp-block-cover__inner-container has-global-padding is-layout-constrained wp-container-core-cover-is-layout-639b5052 wp-block-cover-is-layout-constrained\">\n<div class=\"wp-block-group has-custom-blanco-c-lido-background-color has-background is-content-justification-center is-nowrap is-layout-flex wp-container-core-group-is-layout-99bd6245 wp-block-group-is-layout-flex\" style=\"padding-top:0;padding-bottom:0\">\n<p class=\"is-style-default has-custom-calabaza-color has-text-color has-link-color has-medium-font-size wp-elements-967df1b3d7e959209cb8dee935a77ecc wp-container-content-9cfa9a5a\"><strong><a href=\"\/esp\/productos\/celebraciones-y-diadas\/#halloween\" data-type=\"link\" data-id=\"https:\/\/botiga-online.pastisserialapalma.com\/@@articles?category=focaccia\">HALLOWEEN<\/a><\/strong><\/p>\n<\/div>\n<\/div><\/div>\n\n\n\n<div class=\"wp-block-cover is-light has-custom-content-position is-position-bottom-center small-category wp-container-content-f99eb950 has-aspect-ratio\" style=\"padding-top:0;padding-right:0;padding-bottom:0;padding-left:0;aspect-ratio:1;min-height:unset;\" id=\"product-category\"><img loading=\"lazy\" decoding=\"async\" width=\"300\" height=\"300\" class=\"wp-block-cover__image-background wp-image-11285 size-full\" alt=\"panellets de regalo en todos los santos\" src=\"http:\/\/lapalma.apanymantel.info\/wp-content\/uploads\/2025\/09\/Bolsa-de-6-panellets-de-pinon.jpg\" data-object-fit=\"cover\" srcset=\"https:\/\/pastisserialapalma.com\/wp-content\/uploads\/2025\/09\/Bolsa-de-6-panellets-de-pinon.jpg 300w, https:\/\/pastisserialapalma.com\/wp-content\/uploads\/2025\/09\/Bolsa-de-6-panellets-de-pinon-150x150.jpg 150w, https:\/\/pastisserialapalma.com\/wp-content\/uploads\/2025\/09\/Bolsa-de-6-panellets-de-pinon-12x12.jpg 12w\" sizes=\"auto, (max-width: 300px) 100vw, 300px\" \/><span aria-hidden=\"true\" class=\"wp-block-cover__background has-custom-blanco-c-lido-background-color has-background-dim-0 has-background-dim\"><\/span><div class=\"wp-block-cover__inner-container has-global-padding is-layout-constrained wp-container-core-cover-is-layout-639b5052 wp-block-cover-is-layout-constrained\">\n<div class=\"wp-block-group has-custom-blanco-c-lido-background-color has-background is-content-justification-center is-nowrap is-layout-flex wp-container-core-group-is-layout-99bd6245 wp-block-group-is-layout-flex\" style=\"padding-top:0;padding-bottom:0\">\n<p class=\"is-style-default has-custom-calabaza-color has-text-color has-link-color has-medium-font-size wp-elements-82f7f25029b8b38e053974bf2ae76814 wp-container-content-9cfa9a5a\"><strong><a href=\"\/esp\/productos\/celebraciones-y-diadas\/#todos-los-santos\" data-type=\"link\" data-id=\"https:\/\/botiga-online.pastisserialapalma.com\/@@articles?category=focaccia\">TODOS LOS SANTOS<\/a><\/strong><\/p>\n<\/div>\n<\/div><\/div>\n\n\n\n<div class=\"wp-block-cover is-light has-custom-content-position is-position-bottom-center small-category wp-container-content-f99eb950 has-aspect-ratio\" style=\"padding-top:0;padding-right:0;padding-bottom:0;padding-left:0;aspect-ratio:1;min-height:unset;\" id=\"product-category\"><img loading=\"lazy\" decoding=\"async\" width=\"1290\" height=\"1281\" class=\"wp-block-cover__image-background wp-image-11354 size-full\" alt=\"Coca de Sant Joan\" src=\"http:\/\/lapalma.apanymantel.info\/wp-content\/uploads\/2025\/06\/coca-de-sant-joan.jpeg\" data-object-fit=\"cover\" srcset=\"https:\/\/pastisserialapalma.com\/wp-content\/uploads\/2025\/06\/coca-de-sant-joan.jpeg 1290w, https:\/\/pastisserialapalma.com\/wp-content\/uploads\/2025\/06\/coca-de-sant-joan-300x298.jpeg 300w, https:\/\/pastisserialapalma.com\/wp-content\/uploads\/2025\/06\/coca-de-sant-joan-1024x1017.jpeg 1024w, https:\/\/pastisserialapalma.com\/wp-content\/uploads\/2025\/06\/coca-de-sant-joan-150x150.jpeg 150w, https:\/\/pastisserialapalma.com\/wp-content\/uploads\/2025\/06\/coca-de-sant-joan-768x763.jpeg 768w, https:\/\/pastisserialapalma.com\/wp-content\/uploads\/2025\/06\/coca-de-sant-joan-12x12.jpeg 12w\" sizes=\"auto, (max-width: 1290px) 100vw, 1290px\" \/><span aria-hidden=\"true\" class=\"wp-block-cover__background has-custom-blanco-c-lido-background-color has-background-dim-0 has-background-dim\"><\/span><div class=\"wp-block-cover__inner-container has-global-padding is-layout-constrained wp-container-core-cover-is-layout-639b5052 wp-block-cover-is-layout-constrained\">\n<div class=\"wp-block-group has-custom-blanco-c-lido-background-color has-background is-content-justification-center is-nowrap is-layout-flex wp-container-core-group-is-layout-99bd6245 wp-block-group-is-layout-flex\" style=\"padding-top:0;padding-bottom:0\">\n<p class=\"is-style-default has-custom-calabaza-color has-text-color has-link-color has-medium-font-size wp-elements-5816823b05cfb4f64242c9abdfefce67 wp-container-content-9cfa9a5a\"><strong><a href=\"\/esp\/productos\/celebraciones-y-diadas\/#sant-joan\" data-type=\"link\" data-id=\"https:\/\/botiga-online.pastisserialapalma.com\/@@articles?category=focaccia\">SANT JOAN<\/a><\/strong><\/p>\n<\/div>\n<\/div><\/div>\n<\/div>\n<\/div>\n\n\n\n<div id=\"otras-diadas\" class=\"wp-block-group has-global-padding is-layout-constrained wp-container-core-group-is-layout-639bb523 wp-block-group-is-layout-constrained\" style=\"padding-top:var(--wp--preset--spacing--60);padding-right:var(--wp--preset--spacing--30);padding-bottom:var(--wp--preset--spacing--60);padding-left:var(--wp--preset--spacing--30)\">\n<h2 class=\"wp-block-heading\">Otras Diadas<\/h2>\n\n\n\n<hr class=\"wp-block-separator has-text-color has-custom-calabaza-color has-alpha-channel-opacity has-custom-calabaza-background-color has-background\"\/>\n\n\n\n<p>Tambi\u00e9n disponemos en las fechas se\u00f1aladas de productos especiales para fiestas tan importantes como <strong>cocas de Sant Jaume, o cocas de Sant Pere, La Merc\u00e8, Sant Anton\u00ed, Sant Pau, Todos los santos el 1 de noviembre o el d\u00eda de la Mujer.<\/strong><\/p>\n<\/div>\n\n\n\n<div id=\"diada\" class=\"wp-block-group has-global-padding is-layout-constrained wp-container-core-group-is-layout-c5292bcf wp-block-group-is-layout-constrained\" style=\"padding-top:var(--wp--preset--spacing--60);padding-right:var(--wp--preset--spacing--30);padding-bottom:var(--wp--preset--spacing--60);padding-left:var(--wp--preset--spacing--30)\">\n<div class=\"wp-block-columns alignwide is-layout-flex wp-container-core-columns-is-layout-51c0b34d wp-block-columns-is-layout-flex\" style=\"padding-top:var(--wp--preset--spacing--50);padding-bottom:var(--wp--preset--spacing--50)\">\n<div class=\"wp-block-column is-layout-flow wp-block-column-is-layout-flow\" style=\"flex-basis:100%\">\n<figure class=\"wp-block-image aligncenter size-full\"><img loading=\"lazy\" decoding=\"async\" width=\"300\" height=\"300\" src=\"http:\/\/lapalma.apanymantel.info\/wp-content\/uploads\/2025\/09\/Pastel-Diada.jpg\" alt=\"pastel diada\" class=\"wp-image-11183\" srcset=\"https:\/\/pastisserialapalma.com\/wp-content\/uploads\/2025\/09\/Pastel-Diada.jpg 300w, https:\/\/pastisserialapalma.com\/wp-content\/uploads\/2025\/09\/Pastel-Diada-150x150.jpg 150w, https:\/\/pastisserialapalma.com\/wp-content\/uploads\/2025\/09\/Pastel-Diada-12x12.jpg 12w\" sizes=\"auto, (max-width: 300px) 100vw, 300px\" \/><\/figure>\n<\/div>\n\n\n\n<div class=\"wp-block-column is-layout-flow wp-block-column-is-layout-flow\" style=\"flex-basis:100%\">\n<h2 class=\"wp-block-heading alignwide\">Diada nacional de Catalu\u00f1a<\/h2>\n\n\n\n<hr class=\"wp-block-separator has-text-color has-custom-calabaza-color has-alpha-channel-opacity has-custom-calabaza-background-color has-background\"\/>\n\n\n\n<p>Para celebrar la Diada Nacional de Catalu\u00f1a, en pastisseria La Palma elaboramos tartas y postres as\u00ed como galletas y otros productos espec\u00edficos que har\u00e1n de esta festividad un d\u00eda muy dulce.<\/p>\n<\/div>\n<\/div>\n<\/div>\n\n\n\n<div id=\"sant-jordi\" class=\"wp-block-group has-global-padding is-layout-constrained wp-container-core-group-is-layout-c5292bcf wp-block-group-is-layout-constrained\" style=\"padding-top:var(--wp--preset--spacing--60);padding-right:var(--wp--preset--spacing--30);padding-bottom:var(--wp--preset--spacing--60);padding-left:var(--wp--preset--spacing--30)\">\n<div class=\"wp-block-columns alignwide is-layout-flex wp-container-core-columns-is-layout-51c0b34d wp-block-columns-is-layout-flex\" style=\"padding-top:var(--wp--preset--spacing--50);padding-bottom:var(--wp--preset--spacing--50)\">\n<div class=\"wp-block-column is-layout-flow wp-block-column-is-layout-flow\" style=\"flex-basis:100%\">\n<figure class=\"wp-block-image aligncenter size-full\"><img loading=\"lazy\" decoding=\"async\" width=\"300\" height=\"300\" src=\"http:\/\/lapalma.apanymantel.info\/wp-content\/uploads\/2025\/09\/Sant-Jordi.jpg\" alt=\"Sant Jordi\" class=\"wp-image-11185\" srcset=\"https:\/\/pastisserialapalma.com\/wp-content\/uploads\/2025\/09\/Sant-Jordi.jpg 300w, https:\/\/pastisserialapalma.com\/wp-content\/uploads\/2025\/09\/Sant-Jordi-150x150.jpg 150w, https:\/\/pastisserialapalma.com\/wp-content\/uploads\/2025\/09\/Sant-Jordi-12x12.jpg 12w\" sizes=\"auto, (max-width: 300px) 100vw, 300px\" \/><\/figure>\n<\/div>\n\n\n\n<div class=\"wp-block-column is-layout-flow wp-block-column-is-layout-flow\" style=\"flex-basis:100%\">\n<h2 class=\"wp-block-heading alignwide\">Sant Jordi<\/h2>\n\n\n\n<hr class=\"wp-block-separator has-text-color has-custom-calabaza-color has-alpha-channel-opacity has-custom-calabaza-background-color has-background\"\/>\n\n\n\n<p>En <strong>Sant Jordi<\/strong>, que se celebra el <strong>23 de abril<\/strong>, los catalanes conmemoran la festividad de <strong>San Jorge<\/strong>, patr\u00f3n de Catalu\u00f1a. La tradici\u00f3n combina la leyenda del caballero que venci\u00f3 al drag\u00f3n para salvar a la princesa con una dimensi\u00f3n cultural muy arraigada.<\/p>\n<\/div>\n<\/div>\n\n\n\n<div class=\"wp-block-group alignwide is-nowrap is-layout-flex wp-container-core-group-is-layout-6c531013 wp-block-group-is-layout-flex\">\n<p>Seg\u00fan la costumbre, los hombres regalan una <strong>rosa<\/strong> a las mujeres, en recuerdo de la rosa que brot\u00f3 de la sangre del drag\u00f3n vencido. A su vez, desde principios del siglo XX, tambi\u00e9n se ha extendido la costumbre de que las mujeres regalen un <strong>libro<\/strong> a los hombres, gracias a la coincidencia con el D\u00eda Internacional del Libro y el aniversario de la muerte de Cervantes y Shakespeare.<\/p>\n<\/div>\n\n\n\n<figure class=\"wp-block-gallery alignwide has-nested-images columns-4 is-cropped wp-block-gallery-3 is-layout-flex wp-block-gallery-is-layout-flex\">\n<figure class=\"wp-block-image size-large\"><img loading=\"lazy\" decoding=\"async\" width=\"300\" height=\"300\" data-id=\"11229\" src=\"http:\/\/lapalma.apanymantel.info\/wp-content\/uploads\/2025\/09\/Libro-Sant-Jordi.jpg\" alt=\"rosas y libros de sant jordi\" class=\"wp-image-11229\" srcset=\"https:\/\/pastisserialapalma.com\/wp-content\/uploads\/2025\/09\/Libro-Sant-Jordi.jpg 300w, https:\/\/pastisserialapalma.com\/wp-content\/uploads\/2025\/09\/Libro-Sant-Jordi-150x150.jpg 150w, https:\/\/pastisserialapalma.com\/wp-content\/uploads\/2025\/09\/Libro-Sant-Jordi-12x12.jpg 12w\" sizes=\"auto, (max-width: 300px) 100vw, 300px\" \/><\/figure>\n\n\n\n<figure class=\"wp-block-image size-large\"><img loading=\"lazy\" decoding=\"async\" width=\"300\" height=\"300\" data-id=\"11230\" src=\"http:\/\/lapalma.apanymantel.info\/wp-content\/uploads\/2025\/09\/Mantequilla-Sant-Jordi.jpg\" alt=\"pastel de sant jordi\" class=\"wp-image-11230\" srcset=\"https:\/\/pastisserialapalma.com\/wp-content\/uploads\/2025\/09\/Mantequilla-Sant-Jordi.jpg 300w, https:\/\/pastisserialapalma.com\/wp-content\/uploads\/2025\/09\/Mantequilla-Sant-Jordi-150x150.jpg 150w, https:\/\/pastisserialapalma.com\/wp-content\/uploads\/2025\/09\/Mantequilla-Sant-Jordi-12x12.jpg 12w\" sizes=\"auto, (max-width: 300px) 100vw, 300px\" \/><\/figure>\n\n\n\n<figure class=\"wp-block-image size-large\"><img loading=\"lazy\" decoding=\"async\" width=\"300\" height=\"300\" data-id=\"11228\" src=\"http:\/\/lapalma.apanymantel.info\/wp-content\/uploads\/2025\/09\/Individual-sant-Jordi.jpg\" alt=\"\" class=\"wp-image-11228\" srcset=\"https:\/\/pastisserialapalma.com\/wp-content\/uploads\/2025\/09\/Individual-sant-Jordi.jpg 300w, https:\/\/pastisserialapalma.com\/wp-content\/uploads\/2025\/09\/Individual-sant-Jordi-150x150.jpg 150w, https:\/\/pastisserialapalma.com\/wp-content\/uploads\/2025\/09\/Individual-sant-Jordi-12x12.jpg 12w\" sizes=\"auto, (max-width: 300px) 100vw, 300px\" \/><\/figure>\n\n\n\n<figure class=\"wp-block-image size-large\"><img loading=\"lazy\" decoding=\"async\" width=\"300\" height=\"300\" data-id=\"11227\" src=\"http:\/\/lapalma.apanymantel.info\/wp-content\/uploads\/2025\/09\/Galleta-Sant-Jordi.jpg\" alt=\"\" class=\"wp-image-11227\" srcset=\"https:\/\/pastisserialapalma.com\/wp-content\/uploads\/2025\/09\/Galleta-Sant-Jordi.jpg 300w, https:\/\/pastisserialapalma.com\/wp-content\/uploads\/2025\/09\/Galleta-Sant-Jordi-150x150.jpg 150w, https:\/\/pastisserialapalma.com\/wp-content\/uploads\/2025\/09\/Galleta-Sant-Jordi-12x12.jpg 12w\" sizes=\"auto, (max-width: 300px) 100vw, 300px\" \/><\/figure>\n<\/figure>\n\n\n\n<div class=\"wp-block-group alignwide is-nowrap is-layout-flex wp-container-core-group-is-layout-6c531013 wp-block-group-is-layout-flex\">\n<p style=\"margin-top:0;margin-right:0px;margin-bottom:0;margin-left:0px\">As\u00ed, Sant Jordi se ha convertido en una fiesta del <strong>amor y la cultura<\/strong>, donde las calles se llenan de paradas de libros y rosas, escritores firman ejemplares y se celebra la identidad catalana en un ambiente festivo y popular.<\/p>\n<\/div>\n<\/div>\n\n\n\n<div id=\"monas-de-pascua\" class=\"wp-block-group has-global-padding is-layout-constrained wp-container-core-group-is-layout-c5292bcf wp-block-group-is-layout-constrained\" style=\"padding-top:var(--wp--preset--spacing--60);padding-right:var(--wp--preset--spacing--30);padding-bottom:var(--wp--preset--spacing--60);padding-left:var(--wp--preset--spacing--30)\">\n<div class=\"wp-block-columns alignwide is-layout-flex wp-container-core-columns-is-layout-51c0b34d wp-block-columns-is-layout-flex\" style=\"padding-top:var(--wp--preset--spacing--50);padding-bottom:var(--wp--preset--spacing--50)\">\n<div class=\"wp-block-column is-layout-flow wp-block-column-is-layout-flow\" style=\"flex-basis:100%\">\n<figure class=\"wp-block-image aligncenter size-full\"><img loading=\"lazy\" decoding=\"async\" width=\"600\" height=\"450\" src=\"http:\/\/lapalma.apanymantel.info\/wp-content\/uploads\/2025\/09\/chocolate-huevos-grandes.jpeg\" alt=\"Monas de chocolate\" class=\"wp-image-11348\" srcset=\"https:\/\/pastisserialapalma.com\/wp-content\/uploads\/2025\/09\/chocolate-huevos-grandes.jpeg 600w, https:\/\/pastisserialapalma.com\/wp-content\/uploads\/2025\/09\/chocolate-huevos-grandes-300x225.jpeg 300w, https:\/\/pastisserialapalma.com\/wp-content\/uploads\/2025\/09\/chocolate-huevos-grandes-16x12.jpeg 16w\" sizes=\"auto, (max-width: 600px) 100vw, 600px\" \/><\/figure>\n<\/div>\n\n\n\n<div class=\"wp-block-column is-layout-flow wp-block-column-is-layout-flow\" style=\"flex-basis:100%\">\n<h2 class=\"wp-block-heading alignwide\">Monas de pascua<\/h2>\n\n\n\n<hr class=\"wp-block-separator has-text-color has-custom-calabaza-color has-alpha-channel-opacity has-custom-calabaza-background-color has-background\"\/>\n\n\n\n<p>En Catalu\u00f1a, la <strong>Mona de Pascua<\/strong> es un dulce tradicional que se regala el <strong>Lunes de Pascua<\/strong>, d\u00eda festivo tras la Semana Santa. La costumbre tiene un fuerte componente familiar: el padrino o madrina regala la mona a su ahijado o ahijada como s\u00edmbolo de afecto y de celebraci\u00f3n del fin de la Cuaresma.<\/p>\n<\/div>\n<\/div>\n\n\n\n<div class=\"wp-block-group alignwide is-nowrap is-layout-flex wp-container-core-group-is-layout-6c531013 wp-block-group-is-layout-flex\">\n<p>El origen de la tradici\u00f3n se relaciona con antiguos ritos de fertilidad y de llegada de la primavera, en los que los huevos representaban abundancia y vida nueva. Con el tiempo, la Iglesia lo adapt\u00f3 como parte de la Pascua, cuando los fieles dejaban atr\u00e1s el ayuno y volv\u00edan a disfrutar de alimentos dulces.<\/p>\n<\/div>\n\n\n\n<figure class=\"wp-block-gallery alignwide has-nested-images columns-4 is-cropped wp-block-gallery-4 is-layout-flex wp-block-gallery-is-layout-flex\">\n<figure class=\"wp-block-image size-large\"><img loading=\"lazy\" decoding=\"async\" width=\"300\" height=\"300\" data-id=\"11251\" src=\"http:\/\/lapalma.apanymantel.info\/wp-content\/uploads\/2025\/09\/Basquet-Camp.jpg\" alt=\"\" class=\"wp-image-11251\" srcset=\"https:\/\/pastisserialapalma.com\/wp-content\/uploads\/2025\/09\/Basquet-Camp.jpg 300w, https:\/\/pastisserialapalma.com\/wp-content\/uploads\/2025\/09\/Basquet-Camp-150x150.jpg 150w, https:\/\/pastisserialapalma.com\/wp-content\/uploads\/2025\/09\/Basquet-Camp-12x12.jpg 12w\" sizes=\"auto, (max-width: 300px) 100vw, 300px\" \/><\/figure>\n\n\n\n<figure class=\"wp-block-image size-large\"><img loading=\"lazy\" decoding=\"async\" width=\"300\" height=\"300\" data-id=\"11252\" src=\"http:\/\/lapalma.apanymantel.info\/wp-content\/uploads\/2025\/09\/Blanca-Nieves-2.jpg\" alt=\"\" class=\"wp-image-11252\" srcset=\"https:\/\/pastisserialapalma.com\/wp-content\/uploads\/2025\/09\/Blanca-Nieves-2.jpg 300w, https:\/\/pastisserialapalma.com\/wp-content\/uploads\/2025\/09\/Blanca-Nieves-2-150x150.jpg 150w, https:\/\/pastisserialapalma.com\/wp-content\/uploads\/2025\/09\/Blanca-Nieves-2-12x12.jpg 12w\" sizes=\"auto, (max-width: 300px) 100vw, 300px\" \/><\/figure>\n\n\n\n<figure class=\"wp-block-image size-large\"><img loading=\"lazy\" decoding=\"async\" width=\"300\" height=\"300\" data-id=\"11253\" src=\"http:\/\/lapalma.apanymantel.info\/wp-content\/uploads\/2025\/09\/Campo-Futbol.jpg\" alt=\"\" class=\"wp-image-11253\" srcset=\"https:\/\/pastisserialapalma.com\/wp-content\/uploads\/2025\/09\/Campo-Futbol.jpg 300w, https:\/\/pastisserialapalma.com\/wp-content\/uploads\/2025\/09\/Campo-Futbol-150x150.jpg 150w, https:\/\/pastisserialapalma.com\/wp-content\/uploads\/2025\/09\/Campo-Futbol-12x12.jpg 12w\" sizes=\"auto, (max-width: 300px) 100vw, 300px\" \/><\/figure>\n\n\n\n<figure class=\"wp-block-image size-large\"><img loading=\"lazy\" decoding=\"async\" width=\"300\" height=\"300\" data-id=\"11254\" src=\"http:\/\/lapalma.apanymantel.info\/wp-content\/uploads\/2025\/09\/Junkito.jpg\" alt=\"\" class=\"wp-image-11254\" srcset=\"https:\/\/pastisserialapalma.com\/wp-content\/uploads\/2025\/09\/Junkito.jpg 300w, https:\/\/pastisserialapalma.com\/wp-content\/uploads\/2025\/09\/Junkito-150x150.jpg 150w, https:\/\/pastisserialapalma.com\/wp-content\/uploads\/2025\/09\/Junkito-12x12.jpg 12w\" sizes=\"auto, (max-width: 300px) 100vw, 300px\" \/><\/figure>\n\n\n\n<figure class=\"wp-block-image size-large\"><img loading=\"lazy\" decoding=\"async\" width=\"300\" height=\"300\" data-id=\"11255\" src=\"http:\/\/lapalma.apanymantel.info\/wp-content\/uploads\/2025\/09\/LEGO-GIGANTE.jpg\" alt=\"\" class=\"wp-image-11255\" srcset=\"https:\/\/pastisserialapalma.com\/wp-content\/uploads\/2025\/09\/LEGO-GIGANTE.jpg 300w, https:\/\/pastisserialapalma.com\/wp-content\/uploads\/2025\/09\/LEGO-GIGANTE-150x150.jpg 150w, https:\/\/pastisserialapalma.com\/wp-content\/uploads\/2025\/09\/LEGO-GIGANTE-12x12.jpg 12w\" sizes=\"auto, (max-width: 300px) 100vw, 300px\" \/><\/figure>\n\n\n\n<figure class=\"wp-block-image size-large\"><img loading=\"lazy\" decoding=\"async\" width=\"300\" height=\"300\" data-id=\"11256\" src=\"http:\/\/lapalma.apanymantel.info\/wp-content\/uploads\/2025\/09\/Mona-quemada-sin-azucar.jpg\" alt=\"\" class=\"wp-image-11256\" srcset=\"https:\/\/pastisserialapalma.com\/wp-content\/uploads\/2025\/09\/Mona-quemada-sin-azucar.jpg 300w, https:\/\/pastisserialapalma.com\/wp-content\/uploads\/2025\/09\/Mona-quemada-sin-azucar-150x150.jpg 150w, https:\/\/pastisserialapalma.com\/wp-content\/uploads\/2025\/09\/Mona-quemada-sin-azucar-12x12.jpg 12w\" sizes=\"auto, (max-width: 300px) 100vw, 300px\" \/><\/figure>\n\n\n\n<figure class=\"wp-block-image size-large\"><img loading=\"lazy\" decoding=\"async\" width=\"300\" height=\"300\" data-id=\"11257\" src=\"http:\/\/lapalma.apanymantel.info\/wp-content\/uploads\/2025\/09\/Mona-quemada-sin-azucar-2.jpg\" alt=\"\" class=\"wp-image-11257\" srcset=\"https:\/\/pastisserialapalma.com\/wp-content\/uploads\/2025\/09\/Mona-quemada-sin-azucar-2.jpg 300w, https:\/\/pastisserialapalma.com\/wp-content\/uploads\/2025\/09\/Mona-quemada-sin-azucar-2-150x150.jpg 150w, https:\/\/pastisserialapalma.com\/wp-content\/uploads\/2025\/09\/Mona-quemada-sin-azucar-2-12x12.jpg 12w\" sizes=\"auto, (max-width: 300px) 100vw, 300px\" \/><\/figure>\n\n\n\n<figure class=\"wp-block-image size-large\"><img loading=\"lazy\" decoding=\"async\" width=\"300\" height=\"300\" data-id=\"11258\" src=\"http:\/\/lapalma.apanymantel.info\/wp-content\/uploads\/2025\/09\/Zapato-Talon.jpg\" alt=\"\" class=\"wp-image-11258\" srcset=\"https:\/\/pastisserialapalma.com\/wp-content\/uploads\/2025\/09\/Zapato-Talon.jpg 300w, https:\/\/pastisserialapalma.com\/wp-content\/uploads\/2025\/09\/Zapato-Talon-150x150.jpg 150w, https:\/\/pastisserialapalma.com\/wp-content\/uploads\/2025\/09\/Zapato-Talon-12x12.jpg 12w\" sizes=\"auto, (max-width: 300px) 100vw, 300px\" \/><\/figure>\n<\/figure>\n\n\n\n<div class=\"wp-block-group alignwide is-nowrap is-layout-flex wp-container-core-group-is-layout-6c531013 wp-block-group-is-layout-flex\">\n<p style=\"margin-top:0;margin-right:0px;margin-bottom:0;margin-left:0px\">Hoy en d\u00eda, la mona ha evolucionado desde <strong>el bizcocho sencillo con huevos duros<\/strong> hasta <strong>elaboradas creaciones de chocolate con figuras, personajes y aut\u00e9nticas esculturas<\/strong>. M\u00e1s all\u00e1 del dulce, simboliza uni\u00f3n familiar y alegr\u00eda por la renovaci\u00f3n de la vida.<\/p>\n<\/div>\n<\/div>\n\n\n\n<div id=\"roscones\" class=\"wp-block-group has-global-padding is-layout-constrained wp-container-core-group-is-layout-c5292bcf wp-block-group-is-layout-constrained\" style=\"padding-top:var(--wp--preset--spacing--60);padding-right:var(--wp--preset--spacing--30);padding-bottom:var(--wp--preset--spacing--60);padding-left:var(--wp--preset--spacing--30)\">\n<div class=\"wp-block-columns alignwide is-layout-flex wp-container-core-columns-is-layout-51c0b34d wp-block-columns-is-layout-flex\" style=\"padding-top:var(--wp--preset--spacing--50);padding-bottom:var(--wp--preset--spacing--50)\">\n<div class=\"wp-block-column is-layout-flow wp-block-column-is-layout-flow\" style=\"flex-basis:100%\">\n<figure class=\"wp-block-gallery has-nested-images columns-2 is-cropped wp-block-gallery-5 is-layout-flex wp-block-gallery-is-layout-flex\">\n<figure class=\"wp-block-image size-large\"><img loading=\"lazy\" decoding=\"async\" width=\"294\" height=\"294\" data-id=\"11184\" src=\"http:\/\/lapalma.apanymantel.info\/wp-content\/uploads\/2025\/09\/reyes.jpg\" alt=\"\" class=\"wp-image-11184\" srcset=\"https:\/\/pastisserialapalma.com\/wp-content\/uploads\/2025\/09\/reyes.jpg 294w, https:\/\/pastisserialapalma.com\/wp-content\/uploads\/2025\/09\/reyes-150x150.jpg 150w, https:\/\/pastisserialapalma.com\/wp-content\/uploads\/2025\/09\/reyes-12x12.jpg 12w\" sizes=\"auto, (max-width: 294px) 100vw, 294px\" \/><\/figure>\n\n\n\n<figure class=\"wp-block-image size-large\"><img loading=\"lazy\" decoding=\"async\" width=\"1024\" height=\"768\" data-id=\"9469\" src=\"http:\/\/lapalma.apanymantel.info\/wp-content\/uploads\/2024\/12\/Roscon-scaled-2-1024x768.webp\" alt=\"comprar rosc\u00f3n de reyes\" class=\"wp-image-9469\" srcset=\"https:\/\/pastisserialapalma.com\/wp-content\/uploads\/2024\/12\/Roscon-scaled-2-1024x768.webp 1024w, https:\/\/pastisserialapalma.com\/wp-content\/uploads\/2024\/12\/Roscon-scaled-2-300x225.webp 300w, https:\/\/pastisserialapalma.com\/wp-content\/uploads\/2024\/12\/Roscon-scaled-2-768x576.webp 768w, https:\/\/pastisserialapalma.com\/wp-content\/uploads\/2024\/12\/Roscon-scaled-2-1536x1152.webp 1536w, https:\/\/pastisserialapalma.com\/wp-content\/uploads\/2024\/12\/Roscon-scaled-2-2048x1536.webp 2048w, https:\/\/pastisserialapalma.com\/wp-content\/uploads\/2024\/12\/Roscon-scaled-2-16x12.webp 16w\" sizes=\"auto, (max-width: 1024px) 100vw, 1024px\" \/><\/figure>\n\n\n\n<figure class=\"wp-block-image size-large\"><img loading=\"lazy\" decoding=\"async\" width=\"1024\" height=\"683\" data-id=\"9464\" src=\"http:\/\/lapalma.apanymantel.info\/wp-content\/uploads\/2024\/12\/CoronaReyes-1024x683.webp\" alt=\"\" class=\"wp-image-9464\" srcset=\"https:\/\/pastisserialapalma.com\/wp-content\/uploads\/2024\/12\/CoronaReyes-1024x683.webp 1024w, https:\/\/pastisserialapalma.com\/wp-content\/uploads\/2024\/12\/CoronaReyes-300x200.webp 300w, https:\/\/pastisserialapalma.com\/wp-content\/uploads\/2024\/12\/CoronaReyes-768x512.webp 768w, https:\/\/pastisserialapalma.com\/wp-content\/uploads\/2024\/12\/CoronaReyes-1536x1024.webp 1536w, https:\/\/pastisserialapalma.com\/wp-content\/uploads\/2024\/12\/CoronaReyes-18x12.webp 18w, https:\/\/pastisserialapalma.com\/wp-content\/uploads\/2024\/12\/CoronaReyes.webp 1920w\" sizes=\"auto, (max-width: 1024px) 100vw, 1024px\" \/><\/figure>\n\n\n\n<figure class=\"wp-block-image size-large\"><img loading=\"lazy\" decoding=\"async\" width=\"788\" height=\"900\" data-id=\"9514\" src=\"http:\/\/lapalma.apanymantel.info\/wp-content\/uploads\/2025\/01\/RosconMazapan.webp\" alt=\"Ros\u00f3n de mazap\u00e1n para San Antonio Abad\" class=\"wp-image-9514\" srcset=\"https:\/\/pastisserialapalma.com\/wp-content\/uploads\/2025\/01\/RosconMazapan.webp 788w, https:\/\/pastisserialapalma.com\/wp-content\/uploads\/2025\/01\/RosconMazapan-263x300.webp 263w, https:\/\/pastisserialapalma.com\/wp-content\/uploads\/2025\/01\/RosconMazapan-768x877.webp 768w, https:\/\/pastisserialapalma.com\/wp-content\/uploads\/2025\/01\/RosconMazapan-11x12.webp 11w\" sizes=\"auto, (max-width: 788px) 100vw, 788px\" \/><\/figure>\n<\/figure>\n<\/div>\n\n\n\n<div class=\"wp-block-column is-layout-flow wp-block-column-is-layout-flow\" style=\"flex-basis:100%\">\n<h2 class=\"wp-block-heading alignwide\">Roscones de Reyes<\/h2>\n\n\n\n<hr class=\"wp-block-separator has-text-color has-custom-calabaza-color has-alpha-channel-opacity has-custom-calabaza-background-color has-background\"\/>\n\n\n\n<p>Elaboramos multitud de roscones de reyes, tanto el b\u00e1sico sin relleno rellenos de nata, trufa o crema.<\/p>\n\n\n\n<p>Adem\u00e1s elaboramos roscones sin Gluten para los al\u00e9rgicos.<\/p>\n\n\n\n<p>Elije el rosc\u00f3n que mas te guste para celebrar los reyes en familia.<\/p>\n<\/div>\n<\/div>\n<\/div>\n\n\n\n<div id=\"san-valentin\" class=\"wp-block-group has-global-padding is-layout-constrained wp-container-core-group-is-layout-c5292bcf wp-block-group-is-layout-constrained\" style=\"padding-top:var(--wp--preset--spacing--60);padding-right:var(--wp--preset--spacing--30);padding-bottom:var(--wp--preset--spacing--60);padding-left:var(--wp--preset--spacing--30)\">\n<div class=\"wp-block-columns alignwide is-layout-flex wp-container-core-columns-is-layout-51c0b34d wp-block-columns-is-layout-flex\" style=\"padding-top:var(--wp--preset--spacing--50);padding-bottom:var(--wp--preset--spacing--50)\">\n<div class=\"wp-block-column is-layout-flow wp-block-column-is-layout-flow\" style=\"flex-basis:100%\">\n<figure class=\"wp-block-gallery has-nested-images columns-2 is-cropped wp-block-gallery-6 is-layout-flex wp-block-gallery-is-layout-flex\">\n<figure class=\"wp-block-image size-large\"><img loading=\"lazy\" decoding=\"async\" width=\"300\" height=\"300\" data-id=\"11187\" src=\"http:\/\/lapalma.apanymantel.info\/wp-content\/uploads\/2025\/09\/san-valentin-2.jpg\" alt=\"tarta de san valent\u00edn\" class=\"wp-image-11187\" srcset=\"https:\/\/pastisserialapalma.com\/wp-content\/uploads\/2025\/09\/san-valentin-2.jpg 300w, https:\/\/pastisserialapalma.com\/wp-content\/uploads\/2025\/09\/san-valentin-2-150x150.jpg 150w, https:\/\/pastisserialapalma.com\/wp-content\/uploads\/2025\/09\/san-valentin-2-12x12.jpg 12w\" sizes=\"auto, (max-width: 300px) 100vw, 300px\" \/><\/figure>\n\n\n\n<figure class=\"wp-block-image size-large\"><img loading=\"lazy\" decoding=\"async\" width=\"300\" height=\"300\" data-id=\"11186\" src=\"http:\/\/lapalma.apanymantel.info\/wp-content\/uploads\/2025\/09\/san-valentin-1.jpg\" alt=\"tarta de san valent\u00edn\" class=\"wp-image-11186\" srcset=\"https:\/\/pastisserialapalma.com\/wp-content\/uploads\/2025\/09\/san-valentin-1.jpg 300w, https:\/\/pastisserialapalma.com\/wp-content\/uploads\/2025\/09\/san-valentin-1-150x150.jpg 150w, https:\/\/pastisserialapalma.com\/wp-content\/uploads\/2025\/09\/san-valentin-1-12x12.jpg 12w\" sizes=\"auto, (max-width: 300px) 100vw, 300px\" \/><\/figure>\n<\/figure>\n<\/div>\n\n\n\n<div class=\"wp-block-column is-layout-flow wp-block-column-is-layout-flow\" style=\"flex-basis:100%\">\n<h2 class=\"wp-block-heading alignwide\">San Valent\u00edn<\/h2>\n\n\n\n<hr class=\"wp-block-separator has-text-color has-custom-calabaza-color has-alpha-channel-opacity has-custom-calabaza-background-color has-background\"\/>\n\n\n\n<p>El <strong>D\u00eda de San Valent\u00edn<\/strong> se celebra como una ocasi\u00f3n especial para demostrar amor y afecto. <\/p>\n\n\n\n<p>La <strong>pastisseria La Palma<\/strong> se convierte en protagonista con sus exquisitas tartas tem\u00e1ticas. Cada a\u00f1o sorprendemos con creaciones \u00fanicas: desde tartas en forma de coraz\u00f3n hasta combinaciones de chocolate y frutas frescas, decoradas con delicados detalles artesanales. <\/p>\n\n\n\n<p>Estos postres no solo deleitan el paladar, sino que tambi\u00e9n se convierten en un s\u00edmbolo dulce del romanticismo compartido.<\/p>\n<\/div>\n<\/div>\n<\/div>\n\n\n\n<div id=\"dia-de-la-mujer\" class=\"wp-block-group has-global-padding is-layout-constrained wp-container-core-group-is-layout-c5292bcf wp-block-group-is-layout-constrained\" style=\"padding-top:var(--wp--preset--spacing--60);padding-right:var(--wp--preset--spacing--30);padding-bottom:var(--wp--preset--spacing--60);padding-left:var(--wp--preset--spacing--30)\">\n<div class=\"wp-block-columns alignwide is-layout-flex wp-container-core-columns-is-layout-51c0b34d wp-block-columns-is-layout-flex\" style=\"padding-top:var(--wp--preset--spacing--50);padding-bottom:var(--wp--preset--spacing--50)\">\n<div class=\"wp-block-column is-layout-flow wp-block-column-is-layout-flow\" style=\"flex-basis:100%\">\n<figure class=\"wp-block-image aligncenter size-full is-resized\"><img loading=\"lazy\" decoding=\"async\" width=\"300\" height=\"300\" src=\"http:\/\/lapalma.apanymantel.info\/wp-content\/uploads\/2025\/09\/dia-de-la-mujer.jpg\" alt=\"pastel d\u00eda de la mujer\" class=\"wp-image-11172\" style=\"width:380px;height:auto\" srcset=\"https:\/\/pastisserialapalma.com\/wp-content\/uploads\/2025\/09\/dia-de-la-mujer.jpg 300w, https:\/\/pastisserialapalma.com\/wp-content\/uploads\/2025\/09\/dia-de-la-mujer-150x150.jpg 150w, https:\/\/pastisserialapalma.com\/wp-content\/uploads\/2025\/09\/dia-de-la-mujer-12x12.jpg 12w\" sizes=\"auto, (max-width: 300px) 100vw, 300px\" \/><\/figure>\n<\/div>\n\n\n\n<div class=\"wp-block-column is-layout-flow wp-block-column-is-layout-flow\" style=\"flex-basis:100%\">\n<h2 class=\"wp-block-heading alignwide\">D\u00eda de la mujer<\/h2>\n\n\n\n<hr class=\"wp-block-separator has-text-color has-custom-calabaza-color has-alpha-channel-opacity has-custom-calabaza-background-color has-background\"\/>\n\n\n\n<p>El <strong>D\u00eda Internacional de la Mujer<\/strong>, celebrado el <strong>8 de marzo<\/strong>, reivindica la igualdad de derechos y oportunidades entre mujeres y hombres. Conmemora la lucha hist\u00f3rica femenina contra la discriminaci\u00f3n, la violencia y la desigualdad laboral. Es tambi\u00e9n una jornada de reflexi\u00f3n, manifestaciones y reconocimiento a los logros alcanzados por las mujeres.<\/p>\n\n\n\n<p>Por esto en pastisseria La Palma lo celebramos como sabemos elaborando dulces y tartas para este d\u00eda de la mujer tan se\u00f1alado<\/p>\n<\/div>\n<\/div>\n<\/div>\n\n\n\n<div id=\"dia-de-la-madre\" class=\"wp-block-group has-global-padding is-layout-constrained wp-container-core-group-is-layout-c5292bcf wp-block-group-is-layout-constrained\" style=\"padding-top:var(--wp--preset--spacing--60);padding-right:var(--wp--preset--spacing--30);padding-bottom:var(--wp--preset--spacing--60);padding-left:var(--wp--preset--spacing--30)\">\n<div class=\"wp-block-columns alignwide is-layout-flex wp-container-core-columns-is-layout-51c0b34d wp-block-columns-is-layout-flex\" style=\"padding-top:var(--wp--preset--spacing--50);padding-bottom:var(--wp--preset--spacing--50)\">\n<div class=\"wp-block-column is-layout-flow wp-block-column-is-layout-flow\" style=\"flex-basis:100%\">\n<figure class=\"wp-block-gallery has-nested-images columns-2 is-cropped wp-block-gallery-7 is-layout-flex wp-block-gallery-is-layout-flex\">\n<figure class=\"wp-block-image size-large\"><img loading=\"lazy\" decoding=\"async\" width=\"300\" height=\"300\" data-id=\"11170\" src=\"http:\/\/lapalma.apanymantel.info\/wp-content\/uploads\/2025\/09\/dia-de-la-madre3.jpg\" alt=\"D\u00eda de la madre\" class=\"wp-image-11170\" srcset=\"https:\/\/pastisserialapalma.com\/wp-content\/uploads\/2025\/09\/dia-de-la-madre3.jpg 300w, https:\/\/pastisserialapalma.com\/wp-content\/uploads\/2025\/09\/dia-de-la-madre3-150x150.jpg 150w, https:\/\/pastisserialapalma.com\/wp-content\/uploads\/2025\/09\/dia-de-la-madre3-12x12.jpg 12w\" sizes=\"auto, (max-width: 300px) 100vw, 300px\" \/><\/figure>\n\n\n\n<figure class=\"wp-block-image size-large\"><img loading=\"lazy\" decoding=\"async\" width=\"300\" height=\"300\" data-id=\"11168\" src=\"http:\/\/lapalma.apanymantel.info\/wp-content\/uploads\/2025\/09\/dia-de-la-madre1.jpg\" alt=\"tarta para el d\u00eda de la madre\" class=\"wp-image-11168\" srcset=\"https:\/\/pastisserialapalma.com\/wp-content\/uploads\/2025\/09\/dia-de-la-madre1.jpg 300w, https:\/\/pastisserialapalma.com\/wp-content\/uploads\/2025\/09\/dia-de-la-madre1-150x150.jpg 150w, https:\/\/pastisserialapalma.com\/wp-content\/uploads\/2025\/09\/dia-de-la-madre1-12x12.jpg 12w\" sizes=\"auto, (max-width: 300px) 100vw, 300px\" \/><\/figure>\n<\/figure>\n<\/div>\n\n\n\n<div class=\"wp-block-column is-layout-flow wp-block-column-is-layout-flow\" style=\"flex-basis:100%\">\n<h2 class=\"wp-block-heading alignwide\">D\u00eda de la madre<\/h2>\n\n\n\n<hr class=\"wp-block-separator has-text-color has-custom-calabaza-color has-alpha-channel-opacity has-custom-calabaza-background-color has-background\"\/>\n\n\n\n<p>Se celebra todos los a\u00f1os el <strong>primer domingo de mayo.<\/strong> Esta festividad es un importante homenaje a todas las madres y no hay mejor manera de celebrarlo que comiendo en familia y de postre una espectacular tarta de Pastisseria La Palma, elaborada especialmente para esta ocasi\u00f3n.<\/p>\n<\/div>\n<\/div>\n<\/div>\n\n\n\n<div id=\"dia-del-padre\" class=\"wp-block-group has-global-padding is-layout-constrained wp-container-core-group-is-layout-c5292bcf wp-block-group-is-layout-constrained\" style=\"padding-top:var(--wp--preset--spacing--60);padding-right:var(--wp--preset--spacing--30);padding-bottom:var(--wp--preset--spacing--60);padding-left:var(--wp--preset--spacing--30)\">\n<div class=\"wp-block-columns alignwide is-layout-flex wp-container-core-columns-is-layout-51c0b34d wp-block-columns-is-layout-flex\" style=\"padding-top:var(--wp--preset--spacing--50);padding-bottom:var(--wp--preset--spacing--50)\">\n<div class=\"wp-block-column is-layout-flow wp-block-column-is-layout-flow\" style=\"flex-basis:100%\">\n<figure class=\"wp-block-image aligncenter size-full is-resized\"><img loading=\"lazy\" decoding=\"async\" width=\"202\" height=\"202\" src=\"http:\/\/lapalma.apanymantel.info\/wp-content\/uploads\/2025\/09\/dia-del-padre-1.jpg\" alt=\"D\u00eda del padre\" class=\"wp-image-11173\" style=\"width:348px;height:auto\" srcset=\"https:\/\/pastisserialapalma.com\/wp-content\/uploads\/2025\/09\/dia-del-padre-1.jpg 202w, https:\/\/pastisserialapalma.com\/wp-content\/uploads\/2025\/09\/dia-del-padre-1-150x150.jpg 150w, https:\/\/pastisserialapalma.com\/wp-content\/uploads\/2025\/09\/dia-del-padre-1-12x12.jpg 12w\" sizes=\"auto, (max-width: 202px) 100vw, 202px\" \/><\/figure>\n<\/div>\n\n\n\n<div class=\"wp-block-column is-layout-flow wp-block-column-is-layout-flow\" style=\"flex-basis:100%\">\n<h2 class=\"wp-block-heading alignwide\">D\u00eda del padre<\/h2>\n\n\n\n<hr class=\"wp-block-separator has-text-color has-custom-calabaza-color has-alpha-channel-opacity has-custom-calabaza-background-color has-background\"\/>\n\n\n\n<p>El <strong>D\u00eda del Padre<\/strong>, celebrado el <strong>19 de marzo<\/strong> en Espa\u00f1a, coincide con la festividad de <strong>San Jos\u00e9<\/strong>, padre de Jes\u00fas. Es una jornada dedicada a honrar la figura paterna, reconociendo su amor, esfuerzo y dedicaci\u00f3n. Familias expresan gratitud con regalos, gestos afectivos y reuniones llenas de cari\u00f1o.<\/p>\n\n\n\n<p>Por esto en pastisseria La Palma lo celebramos como sabemos elaborando dulces y tartas para este d\u00eda del padre que tanto nos gusta<\/p>\n<\/div>\n<\/div>\n<\/div>\n\n\n\n<div id=\"halloween\" class=\"wp-block-group has-global-padding is-layout-constrained wp-container-core-group-is-layout-c5292bcf wp-block-group-is-layout-constrained\" style=\"padding-top:var(--wp--preset--spacing--60);padding-right:var(--wp--preset--spacing--30);padding-bottom:var(--wp--preset--spacing--60);padding-left:var(--wp--preset--spacing--30)\">\n<div class=\"wp-block-columns alignwide is-layout-flex wp-container-core-columns-is-layout-51c0b34d wp-block-columns-is-layout-flex\" style=\"padding-top:var(--wp--preset--spacing--50);padding-bottom:var(--wp--preset--spacing--50)\">\n<div class=\"wp-block-column is-layout-flow wp-block-column-is-layout-flow\" style=\"flex-basis:100%\">\n<figure class=\"wp-block-gallery has-nested-images columns-2 is-cropped wp-block-gallery-8 is-layout-flex wp-block-gallery-is-layout-flex\">\n<figure class=\"wp-block-image size-large\"><img loading=\"lazy\" decoding=\"async\" width=\"300\" height=\"300\" data-id=\"11177\" src=\"http:\/\/lapalma.apanymantel.info\/wp-content\/uploads\/2025\/09\/halloween-3.jpg\" alt=\"\" class=\"wp-image-11177\" srcset=\"https:\/\/pastisserialapalma.com\/wp-content\/uploads\/2025\/09\/halloween-3.jpg 300w, https:\/\/pastisserialapalma.com\/wp-content\/uploads\/2025\/09\/halloween-3-150x150.jpg 150w, https:\/\/pastisserialapalma.com\/wp-content\/uploads\/2025\/09\/halloween-3-12x12.jpg 12w\" sizes=\"auto, (max-width: 300px) 100vw, 300px\" \/><\/figure>\n\n\n\n<figure class=\"wp-block-image size-large\"><img loading=\"lazy\" decoding=\"async\" width=\"300\" height=\"300\" data-id=\"11176\" src=\"http:\/\/lapalma.apanymantel.info\/wp-content\/uploads\/2025\/09\/halloween-2.jpg\" alt=\"\" class=\"wp-image-11176\" srcset=\"https:\/\/pastisserialapalma.com\/wp-content\/uploads\/2025\/09\/halloween-2.jpg 300w, https:\/\/pastisserialapalma.com\/wp-content\/uploads\/2025\/09\/halloween-2-150x150.jpg 150w, https:\/\/pastisserialapalma.com\/wp-content\/uploads\/2025\/09\/halloween-2-12x12.jpg 12w\" sizes=\"auto, (max-width: 300px) 100vw, 300px\" \/><\/figure>\n\n\n\n<figure class=\"wp-block-image size-large\"><img loading=\"lazy\" decoding=\"async\" width=\"300\" height=\"300\" data-id=\"11175\" src=\"http:\/\/lapalma.apanymantel.info\/wp-content\/uploads\/2025\/09\/halloween-1.jpg\" alt=\"galletas de halloween\" class=\"wp-image-11175\" srcset=\"https:\/\/pastisserialapalma.com\/wp-content\/uploads\/2025\/09\/halloween-1.jpg 300w, https:\/\/pastisserialapalma.com\/wp-content\/uploads\/2025\/09\/halloween-1-150x150.jpg 150w, https:\/\/pastisserialapalma.com\/wp-content\/uploads\/2025\/09\/halloween-1-12x12.jpg 12w\" sizes=\"auto, (max-width: 300px) 100vw, 300px\" \/><\/figure>\n<\/figure>\n<\/div>\n\n\n\n<div class=\"wp-block-column is-layout-flow wp-block-column-is-layout-flow\" style=\"flex-basis:100%\">\n<h2 class=\"wp-block-heading alignwide\">Halloween<\/h2>\n\n\n\n<hr class=\"wp-block-separator has-text-color has-custom-calabaza-color has-alpha-channel-opacity has-custom-calabaza-background-color has-background\"\/>\n\n\n\n<p>La fiesta de Halloween es una celebraci\u00f3n nocturna llena de misterio y diversi\u00f3n, donde fantasmas, brujas, calabazas y disfraces terror\u00edficos se mezclan con luces tenues. Se decoran casas y espacios con telara\u00f1as, velas, esqueletos y motivos oscuros, mientras los ni\u00f1os van puerta a puerta pidiendo \u201ctruco o trato\u201d. Tambi\u00e9n se organizan fiestas, juegos y historias de miedo, y los dulces son clave: chocolates, caramelos\u2026 y galletas con dise\u00f1os espeluznantes.<\/p>\n\n\n\n<p>En <strong>Pastisseria La Palma<\/strong>, adem\u00e1s de sus tradicionales <em>panellets<\/em> para la Casta\u00f1ada, elaboran galletas artesanas especiales para Halloween. Estas galletas son decoradas con motivos festivos y terror\u00edficos (como fantasmas, calabazas, esqueletos&#8230;), pensadas para encantar a los m\u00e1s peque\u00f1os y complementar la dulce ambientaci\u00f3n de oto\u00f1o.<\/p>\n<\/div>\n<\/div>\n<\/div>\n\n\n\n<div id=\"todos-los-santos\" class=\"wp-block-group has-global-padding is-layout-constrained wp-container-core-group-is-layout-c5292bcf wp-block-group-is-layout-constrained\" style=\"padding-top:var(--wp--preset--spacing--60);padding-right:var(--wp--preset--spacing--30);padding-bottom:var(--wp--preset--spacing--60);padding-left:var(--wp--preset--spacing--30)\">\n<div class=\"wp-block-columns alignwide is-layout-flex wp-container-core-columns-is-layout-51c0b34d wp-block-columns-is-layout-flex\" style=\"padding-top:var(--wp--preset--spacing--50);padding-bottom:var(--wp--preset--spacing--50)\">\n<div class=\"wp-block-column is-layout-flow wp-block-column-is-layout-flow\" style=\"flex-basis:100%\">\n<figure class=\"wp-block-gallery has-nested-images columns-2 is-cropped wp-block-gallery-9 is-layout-flex wp-block-gallery-is-layout-flex\">\n<figure class=\"wp-block-image size-large\"><img loading=\"lazy\" decoding=\"async\" width=\"300\" height=\"300\" data-id=\"11289\" src=\"http:\/\/lapalma.apanymantel.info\/wp-content\/uploads\/2025\/09\/Panellets-3.jpg\" alt=\"\" class=\"wp-image-11289\" srcset=\"https:\/\/pastisserialapalma.com\/wp-content\/uploads\/2025\/09\/Panellets-3.jpg 300w, https:\/\/pastisserialapalma.com\/wp-content\/uploads\/2025\/09\/Panellets-3-150x150.jpg 150w, https:\/\/pastisserialapalma.com\/wp-content\/uploads\/2025\/09\/Panellets-3-12x12.jpg 12w\" sizes=\"auto, (max-width: 300px) 100vw, 300px\" \/><\/figure>\n\n\n\n<figure class=\"wp-block-image size-large\"><img loading=\"lazy\" decoding=\"async\" width=\"300\" height=\"300\" data-id=\"11288\" src=\"http:\/\/lapalma.apanymantel.info\/wp-content\/uploads\/2025\/09\/Panellets-2.jpg\" alt=\"\" class=\"wp-image-11288\" srcset=\"https:\/\/pastisserialapalma.com\/wp-content\/uploads\/2025\/09\/Panellets-2.jpg 300w, https:\/\/pastisserialapalma.com\/wp-content\/uploads\/2025\/09\/Panellets-2-150x150.jpg 150w, https:\/\/pastisserialapalma.com\/wp-content\/uploads\/2025\/09\/Panellets-2-12x12.jpg 12w\" sizes=\"auto, (max-width: 300px) 100vw, 300px\" \/><\/figure>\n\n\n\n<figure class=\"wp-block-image size-large\"><img loading=\"lazy\" decoding=\"async\" width=\"300\" height=\"300\" data-id=\"11287\" src=\"http:\/\/lapalma.apanymantel.info\/wp-content\/uploads\/2025\/09\/Panellets.jpg\" alt=\"\" class=\"wp-image-11287\" srcset=\"https:\/\/pastisserialapalma.com\/wp-content\/uploads\/2025\/09\/Panellets.jpg 300w, https:\/\/pastisserialapalma.com\/wp-content\/uploads\/2025\/09\/Panellets-150x150.jpg 150w, https:\/\/pastisserialapalma.com\/wp-content\/uploads\/2025\/09\/Panellets-12x12.jpg 12w\" sizes=\"auto, (max-width: 300px) 100vw, 300px\" \/><\/figure>\n\n\n\n<figure class=\"wp-block-image size-large\"><img loading=\"lazy\" decoding=\"async\" width=\"300\" height=\"300\" data-id=\"11286\" src=\"http:\/\/lapalma.apanymantel.info\/wp-content\/uploads\/2025\/09\/Panellet-de-Pinon.jpg\" alt=\"\" class=\"wp-image-11286\" srcset=\"https:\/\/pastisserialapalma.com\/wp-content\/uploads\/2025\/09\/Panellet-de-Pinon.jpg 300w, https:\/\/pastisserialapalma.com\/wp-content\/uploads\/2025\/09\/Panellet-de-Pinon-150x150.jpg 150w, https:\/\/pastisserialapalma.com\/wp-content\/uploads\/2025\/09\/Panellet-de-Pinon-12x12.jpg 12w\" sizes=\"auto, (max-width: 300px) 100vw, 300px\" \/><\/figure>\n<\/figure>\n<\/div>\n\n\n\n<div class=\"wp-block-column is-layout-flow wp-block-column-is-layout-flow\" style=\"flex-basis:100%\">\n<h2 class=\"wp-block-heading alignwide\">Todos los santos<\/h2>\n\n\n\n<hr class=\"wp-block-separator has-text-color has-custom-calabaza-color has-alpha-channel-opacity has-custom-calabaza-background-color has-background\"\/>\n\n\n\n<p>La festividad de Todos los Santos, celebrada el 1 de noviembre, honra a todos los santos y recuerda a los difuntos con flores y visitas a los cementerios. En Catalu\u00f1a, esta fecha se acompa\u00f1a de una tradici\u00f3n gastron\u00f3mica muy especial: los <strong>panellets<\/strong>, peque\u00f1os dulces elaborados con almendra, az\u00facar y pi\u00f1ones, entre otros ingredientes. Su preparaci\u00f3n y consumo se convierten en s\u00edmbolo de uni\u00f3n familiar, compartidos junto a casta\u00f1as asadas y boniatos, en la conocida <strong>Castanyada catalana<\/strong>.<\/p>\n\n\n\n<p>En <strong>Pastisseria La Palma<\/strong>, elaboramos multitud de deliciosos panellets ideales para reglar o degustar en familia<\/p>\n<\/div>\n<\/div>\n<\/div>\n\n\n\n<div id=\"sant-joan\" class=\"wp-block-group has-global-padding is-layout-constrained wp-container-core-group-is-layout-c5292bcf wp-block-group-is-layout-constrained\" style=\"padding-top:var(--wp--preset--spacing--60);padding-right:var(--wp--preset--spacing--30);padding-bottom:var(--wp--preset--spacing--60);padding-left:var(--wp--preset--spacing--30)\">\n<div class=\"wp-block-columns alignwide is-layout-flex wp-container-core-columns-is-layout-51c0b34d wp-block-columns-is-layout-flex\" style=\"padding-top:var(--wp--preset--spacing--50);padding-bottom:var(--wp--preset--spacing--50)\">\n<div class=\"wp-block-column is-layout-flow wp-block-column-is-layout-flow\" style=\"flex-basis:100%\">\n<figure class=\"wp-block-gallery has-nested-images columns-2 is-cropped wp-block-gallery-10 is-layout-flex wp-block-gallery-is-layout-flex\">\n<figure class=\"wp-block-image size-large\"><img loading=\"lazy\" decoding=\"async\" width=\"1024\" height=\"1017\" data-id=\"11354\" src=\"http:\/\/lapalma.apanymantel.info\/wp-content\/uploads\/2025\/06\/coca-de-sant-joan-1024x1017.jpeg\" alt=\"Coca de Sant Joan\" class=\"wp-image-11354\" srcset=\"https:\/\/pastisserialapalma.com\/wp-content\/uploads\/2025\/06\/coca-de-sant-joan-1024x1017.jpeg 1024w, https:\/\/pastisserialapalma.com\/wp-content\/uploads\/2025\/06\/coca-de-sant-joan-300x298.jpeg 300w, https:\/\/pastisserialapalma.com\/wp-content\/uploads\/2025\/06\/coca-de-sant-joan-150x150.jpeg 150w, https:\/\/pastisserialapalma.com\/wp-content\/uploads\/2025\/06\/coca-de-sant-joan-768x763.jpeg 768w, https:\/\/pastisserialapalma.com\/wp-content\/uploads\/2025\/06\/coca-de-sant-joan-12x12.jpeg 12w, https:\/\/pastisserialapalma.com\/wp-content\/uploads\/2025\/06\/coca-de-sant-joan.jpeg 1290w\" sizes=\"auto, (max-width: 1024px) 100vw, 1024px\" \/><\/figure>\n<\/figure>\n<\/div>\n\n\n\n<div class=\"wp-block-column is-layout-flow wp-block-column-is-layout-flow\" style=\"flex-basis:100%\">\n<h2 class=\"wp-block-heading alignwide\">Sant Joan<\/h2>\n\n\n\n<hr class=\"wp-block-separator has-text-color has-custom-calabaza-color has-alpha-channel-opacity has-custom-calabaza-background-color has-background\"\/>\n\n\n\n<p>La festividad de <strong>Sant Joan<\/strong>, celebrada en Catalu\u00f1a la noche del 23 al 24 de junio, coincide con el solsticio de verano y est\u00e1 marcada por hogueras, fuegos artificiales y m\u00fasica popular. Simboliza la renovaci\u00f3n y la purificaci\u00f3n a trav\u00e9s del fuego. La tradici\u00f3n de comer <strong>Cocas de Sant Joan<\/strong> proviene de antiguas ofrendas de pan redondo a los dioses solares, asociadas al culto al sol y a la fertilidad. Con el tiempo, estas cocas se transformaron en dulces festivos, coronados con frutas confitadas y pi\u00f1ones.<\/p>\n\n\n\n<p>En <strong>Pastisseria La Palma<\/strong>, elaboramos las mejores cocas de Sant Joan y durante los d\u00edas previos a esta festividad pod\u0155as encargarlas en nuestra <a href=\"https:\/\/botiga-online.pastisserialapalma.com\/\" data-type=\"link\" data-id=\"https:\/\/botiga-online.pastisserialapalma.com\/\">tienda online<\/a> para entregar a domicilio o recoger en la tienda.<\/p>\n<\/div>\n<\/div>\n<\/div>",
        "protected": false
    },
    "excerpt": {
        "rendered": "<p>Elaboramos pasteles y dulces tradicionales para Reyes, Cuaresma, Pascua, San Juan, la casta\u00f1ada, navidad y a\u00f1o nuevo.En Navidad, aparte de postres y dulces, preparamos bandejas de catering, y cestas y lotes con productos de calidad suprema. Adem\u00e1s de estos d\u00edas, tambi\u00e9n hay otras diadas m\u00e1s peque\u00f1itas en las que nos gusta innovar y preparar alguna [&hellip;]<\/p>",
        "protected": false
    },
    "author": 1,
    "featured_media": 0,
    "parent": 11024,
    "menu_order": 3,
    "comment_status": "closed",
    "ping_status": "closed",
    "template": "",
    "meta": {
        "footnotes": ""
    },
    "class_list": [
        "post-11063",
        "page",
        "type-page",
        "status-publish",
        "hentry"
    ],
    "jetpack_sharing_enabled": true,
    "_links": {
        "self": [
            {
                "href": "http:\/\/pastisserialapalma.com\/esp\/wp-json\/wp\/v2\/pages\/11063",
                "targetHints": {
                    "allow": [
                        "GET"
                    ]
                }
            }
        ],
        "collection": [
            {
                "href": "http:\/\/pastisserialapalma.com\/esp\/wp-json\/wp\/v2\/pages"
            }
        ],
        "about": [
            {
                "href": "http:\/\/pastisserialapalma.com\/esp\/wp-json\/wp\/v2\/types\/page"
            }
        ],
        "author": [
            {
                "embeddable": true,
                "href": "http:\/\/pastisserialapalma.com\/esp\/wp-json\/wp\/v2\/users\/1"
            }
        ],
        "replies": [
            {
                "embeddable": true,
                "href": "http:\/\/pastisserialapalma.com\/esp\/wp-json\/wp\/v2\/comments?post=11063"
            }
        ],
        "version-history": [
            {
                "count": 79,
                "href": "http:\/\/pastisserialapalma.com\/esp\/wp-json\/wp\/v2\/pages\/11063\/revisions"
            }
        ],
        "predecessor-version": [
            {
                "id": 11389,
                "href": "http:\/\/pastisserialapalma.com\/esp\/wp-json\/wp\/v2\/pages\/11063\/revisions\/11389"
            }
        ],
        "up": [
            {
                "embeddable": true,
                "href": "http:\/\/pastisserialapalma.com\/esp\/wp-json\/wp\/v2\/pages\/11024"
            }
        ],
        "wp:attachment": [
            {
                "href": "http:\/\/pastisserialapalma.com\/esp\/wp-json\/wp\/v2\/media?parent=11063"
            }
        ],
        "curies": [
            {
                "name": "wp",
                "href": "https:\/\/api.w.org\/{rel}",
                "templated": true
            }
        ]
    }
}